{"id":81778,"date":"2026-02-17T13:47:42","date_gmt":"2026-02-17T13:47:42","guid":{"rendered":"https:\/\/icoca.ch\/2026\/02\/17\/icoca-expands-in-the-americas-with-belize-membership\/"},"modified":"2026-02-17T14:20:18","modified_gmt":"2026-02-17T14:20:18","slug":"icoca-expands-in-the-americas-with-belize-membership","status":"publish","type":"post","link":"https:\/\/icoca.ch\/fr\/2026\/02\/17\/icoca-expands-in-the-americas-with-belize-membership\/","title":{"rendered":"ICOCA \u00c9TEND SA PR\u00c9SENCE DANS LES AM\u00c9RIQUES AVEC L\u2019ADH\u00c9SION DU BELIZE"},"content":{"rendered":"<p data-start=\"107\" data-end=\"713\">\u00c0 la suite de l\u2019adh\u00e9sion de l\u2019Uruguay au d\u00e9but de l\u2019ann\u00e9e 2024, l\u2019empreinte d\u2019ICoCA dans les Am\u00e9riques continue de s\u2019\u00e9largir avec l\u2019accueil du Belize en tant que neuvi\u00e8me gouvernement membre. Les gouvernements jouent un r\u00f4le central dans la mission d\u2019ICoCA, en fa\u00e7onnant le secteur de la s\u00e9curit\u00e9 priv\u00e9e en tant que r\u00e9gulateurs, clients et donateurs. L\u2019adh\u00e9sion du Belize refl\u00e8te \u00e0 la fois l\u2019engagement du pays en faveur de pratiques \u00e9thiques dans le domaine de la s\u00e9curit\u00e9 priv\u00e9e et l\u2019implication croissante de la r\u00e9gion dans les normes internationales relatives \u00e0 la responsabilit\u00e9 et aux droits humains.<\/p>\n<p data-start=\"715\" data-end=\"991\"><strong>Le commissaire adjoint Bartholomew Jones<\/strong> partage ses perspectives sur les motivations qui ont conduit le Belize \u00e0 rejoindre ICoCA et sur les opportunit\u00e9s qu\u2019offre cette adh\u00e9sion pour renforcer la gouvernance et les pratiques responsables dans le secteur de la s\u00e9curit\u00e9 priv\u00e9e.<\/p>\n<p>&nbsp;<\/p>\n<h4 style=\"text-align: center;\"><em>\u00ab\u00a0L\u2019am\u00e9lioration des normes du secteur de la s\u00e9curit\u00e9 priv\u00e9e contribuera \u00e0 faire progresser les efforts du pays pour renforcer la s\u00e9curit\u00e9 physique et la gestion des stocks d\u2019armes l\u00e9g\u00e8res, de petit calibre et de munitions.\u00a0\u00bb<\/em><\/h4>\n<p>&nbsp;<\/p>\n<p><img loading=\"lazy\" decoding=\"async\" class=\"alignleft wp-image-81750\" src=\"https:\/\/icoca.ch\/wp-content\/uploads\/2026\/02\/shutterstock_2739966219.jpg\" alt=\"\" width=\"500\" height=\"500\" srcset=\"https:\/\/icoca.ch\/wp-content\/uploads\/2026\/02\/shutterstock_2739966219.jpg 1024w, https:\/\/icoca.ch\/wp-content\/uploads\/2026\/02\/shutterstock_2739966219-300x300.jpg 300w, https:\/\/icoca.ch\/wp-content\/uploads\/2026\/02\/shutterstock_2739966219-150x150.jpg 150w, https:\/\/icoca.ch\/wp-content\/uploads\/2026\/02\/shutterstock_2739966219-768x768.jpg 768w, https:\/\/icoca.ch\/wp-content\/uploads\/2026\/02\/shutterstock_2739966219-333x333.jpg 333w\" sizes=\"auto, (max-width: 500px) 100vw, 500px\" \/>L\u2019environnement s\u00e9curitaire du Belize demeure contrast\u00e9. Bien que les statistiques officielles r\u00e9centes montrent une diminution globale des crimes majeurs, y compris une baisse des homicides et des vols qualifi\u00e9s, la criminalit\u00e9 violente, telle que les vols \u00e0 main arm\u00e9e, les fusillades et les incidents li\u00e9s aux gangs, reste pr\u00e9occupante, en particulier dans les zones urbaines comme le Southside de Belize City. Le gouvernement a, \u00e0 certains moments, d\u00e9cr\u00e9t\u00e9 l\u2019\u00e9tat d\u2019urgence pour faire face aux flamb\u00e9es de violence, et des pouvoirs \u00e9largis de la police sont p\u00e9riodiquement utilis\u00e9s pour r\u00e9pondre aux d\u00e9fis en mati\u00e8re de s\u00e9curit\u00e9 publique. Dans le m\u00eame temps, les services de s\u00e9curit\u00e9 priv\u00e9e jouent un r\u00f4le de plus en plus important pour soutenir les entreprises et les communaut\u00e9s dans ce contexte complexe.<\/p>\n<p><strong>\u00a0<\/strong><\/p>\n<p><strong>Qu\u2019est-ce qui a motiv\u00e9 le gouvernement du Belize \u00e0 rejoindre ICoCA ?<\/strong><\/p>\n<p>Nous avons d\u00e9couvert ICoCA apr\u00e8s avoir particip\u00e9 \u00e0 un atelier \u00e0 Guatemala City. Le Dr Antoine Perret a pr\u00e9sent\u00e9 les travaux d\u2019ICoCA et les nombreux avantages li\u00e9s \u00e0 l\u2019adh\u00e9sion. En outre, nous reconnaissons le besoin urgent d\u2019am\u00e9liorer les normes du secteur de la s\u00e9curit\u00e9 priv\u00e9e. L\u2019am\u00e9lioration de ces normes contribuera \u00e0 faire progresser les efforts du pays visant \u00e0 renforcer la s\u00e9curit\u00e9 physique et la gestion des stocks d\u2019armes l\u00e9g\u00e8res, de petit calibre et de munitions.<\/p>\n<p>&nbsp;<\/p>\n<p data-start=\"2605\" data-end=\"2756\"><strong>En quoi l\u2019adh\u00e9sion \u00e0 ICoCA s\u2019inscrit-elle dans l\u2019engagement du Belize en faveur des droits humains, de l\u2019\u00c9tat de droit et de la bonne gouvernance ?<\/strong><\/p>\n<p data-start=\"2758\" data-end=\"3101\">L\u2019adh\u00e9sion \u00e0 ICoCA s\u2019aligne parfaitement avec l\u2019engagement du Belize en faveur des droits humains, de l\u2019\u00c9tat de droit et de la bonne gouvernance. Par ailleurs, le d\u00e9partement de police du Belize a \u00e9tabli un partenariat avec la Commission des droits humains du Belize afin de dispenser des formations aux droits humains \u00e0 l\u2019ensemble du personnel.<\/p>\n<p>&nbsp;<\/p>\n<p data-start=\"3108\" data-end=\"3259\"><strong>Quelle valeur le Belize accorde-t-il aux normes internationales et \u00e0 la coop\u00e9ration multipartite pour r\u00e9glementer les services de s\u00e9curit\u00e9 priv\u00e9e ?<\/strong><\/p>\n<p data-start=\"3261\" data-end=\"3488\">Le Belize attache une grande importance au respect des normes internationales et \u00e0 la coop\u00e9ration multipartite dans la r\u00e9gulation de son secteur de la s\u00e9curit\u00e9 priv\u00e9e. \u00c0 l\u2019heure actuelle, le secteur est pratiquement autor\u00e9gul\u00e9.<\/p>\n<p>&nbsp;<\/p>\n<p data-start=\"3495\" data-end=\"3631\"><strong>Comment pensez-vous que l\u2019adh\u00e9sion \u00e0 ICoCA b\u00e9n\u00e9ficiera \u00e0 l\u2019environnement s\u00e9curitaire national du Belize et aux communaut\u00e9s locales ?<\/strong><\/p>\n<p data-start=\"3633\" data-end=\"3844\">Nous anticipons que l\u2019adh\u00e9sion du Belize permettra aux autorit\u00e9s et aux parties prenantes de b\u00e9n\u00e9ficier d\u2019activit\u00e9s de renforcement des capacit\u00e9s et de bonnes pratiques facilit\u00e9es par notre appartenance \u00e0 ICoCA.<\/p>\n<p>&nbsp;<\/p>\n<p data-start=\"3633\" data-end=\"3844\"><strong>Quel r\u00f4le le gouvernement du Belize envisage-t-il de jouer en tant qu\u2019\u00c9tat membre au sein d\u2019ICoCA ?<\/strong><\/p>\n<p data-start=\"3956\" data-end=\"4170\" data-is-last-node=\"\" data-is-only-node=\"\">Bien que le Belize puisse tirer parti de son adh\u00e9sion \u00e0 ICoCA, nous sommes \u00e9galement pr\u00eats \u00e0 partager notre exp\u00e9rience avec d\u2019autres. En outre, nous sommes dispos\u00e9s \u00e0 plaider en faveur de l\u2019adh\u00e9sion d\u2019autres \u00c9tats.<\/p>\n","protected":false},"excerpt":{"rendered":"<p>\u00c0 la suite de l\u2019adh\u00e9sion de l\u2019Uruguay au d\u00e9but de l\u2019ann\u00e9e 2024, l\u2019empreinte d\u2019ICoCA dans les Am\u00e9riques continue de s\u2019\u00e9largir avec l\u2019accueil du Belize en tant que neuvi\u00e8me gouvernement membre. Les gouvernements jouent un r\u00f4le central dans la mission d\u2019ICoCA, en fa\u00e7onnant le secteur de la s\u00e9curit\u00e9 priv\u00e9e en tant que r\u00e9gulateurs, clients et donateurs. [&hellip;]<\/p>\n","protected":false},"author":5,"featured_media":81736,"comment_status":"closed","ping_status":"closed","sticky":false,"template":"","format":"standard","meta":{"_acf_changed":false,"give_campaign_id":0,"footnotes":""},"categories":[21],"class_list":["post-81778","post","type-post","status-publish","format-standard","has-post-thumbnail","hentry","category-profile_fr"],"acf":[],"yoast_head":"<!-- This site is optimized with the Yoast SEO plugin v26.5 - https:\/\/yoast.com\/wordpress\/plugins\/seo\/ -->\n<title>ICOCA \u00c9TEND SA PR\u00c9SENCE DANS LES AM\u00c9RIQUES AVEC L\u2019ADH\u00c9SION DU BELIZE - ICoCA - International Code of Conduct Association<\/title>\n<meta name=\"robots\" content=\"index, follow, max-snippet:-1, max-image-preview:large, max-video-preview:-1\" \/>\n<link rel=\"canonical\" href=\"https:\/\/icoca.ch\/fr\/2026\/02\/17\/icoca-expands-in-the-americas-with-belize-membership\/\" \/>\n<meta property=\"og:locale\" content=\"fr_FR\" \/>\n<meta property=\"og:type\" content=\"article\" \/>\n<meta property=\"og:title\" content=\"ICOCA \u00c9TEND SA PR\u00c9SENCE DANS LES AM\u00c9RIQUES AVEC L\u2019ADH\u00c9SION DU BELIZE - ICoCA - International Code of Conduct Association\" \/>\n<meta property=\"og:description\" content=\"\u00c0 la suite de l\u2019adh\u00e9sion de l\u2019Uruguay au d\u00e9but de l\u2019ann\u00e9e 2024, l\u2019empreinte d\u2019ICoCA dans les Am\u00e9riques continue de s\u2019\u00e9largir avec l\u2019accueil du Belize en tant que neuvi\u00e8me gouvernement membre. Les gouvernements jouent un r\u00f4le central dans la mission d\u2019ICoCA, en fa\u00e7onnant le secteur de la s\u00e9curit\u00e9 priv\u00e9e en tant que r\u00e9gulateurs, clients et donateurs. [&hellip;]\" \/>\n<meta property=\"og:url\" content=\"https:\/\/icoca.ch\/fr\/2026\/02\/17\/icoca-expands-in-the-americas-with-belize-membership\/\" \/>\n<meta property=\"og:site_name\" content=\"ICoCA - International Code of Conduct Association\" \/>\n<meta property=\"article:published_time\" content=\"2026-02-17T13:47:42+00:00\" \/>\n<meta property=\"article:modified_time\" content=\"2026-02-17T14:20:18+00:00\" \/>\n<meta property=\"og:image\" content=\"https:\/\/icoca.ch\/wp-content\/uploads\/2026\/02\/Belize-Featured-Image.jpg\" \/>\n\t<meta property=\"og:image:width\" content=\"1440\" \/>\n\t<meta property=\"og:image:height\" content=\"475\" \/>\n\t<meta property=\"og:image:type\" content=\"image\/jpeg\" \/>\n<meta name=\"author\" content=\"Florie Barbotte\" \/>\n<meta name=\"twitter:card\" content=\"summary_large_image\" \/>\n<meta name=\"twitter:label1\" content=\"\u00c9crit par\" \/>\n\t<meta name=\"twitter:data1\" content=\"Florie Barbotte\" \/>\n\t<meta name=\"twitter:label2\" content=\"Dur\u00e9e de lecture estim\u00e9e\" \/>\n\t<meta name=\"twitter:data2\" content=\"4 minutes\" \/>\n<script type=\"application\/ld+json\" class=\"yoast-schema-graph\">{\"@context\":\"https:\/\/schema.org\",\"@graph\":[{\"@type\":\"Article\",\"@id\":\"https:\/\/icoca.ch\/fr\/2026\/02\/17\/icoca-expands-in-the-americas-with-belize-membership\/#article\",\"isPartOf\":{\"@id\":\"https:\/\/icoca.ch\/fr\/2026\/02\/17\/icoca-expands-in-the-americas-with-belize-membership\/\"},\"author\":{\"name\":\"Florie Barbotte\",\"@id\":\"https:\/\/icoca.ch\/fr\/#\/schema\/person\/65c3a9120bc8e860952e2b60d65a9b32\"},\"headline\":\"ICOCA \u00c9TEND SA PR\u00c9SENCE DANS LES AM\u00c9RIQUES AVEC L\u2019ADH\u00c9SION DU BELIZE\",\"datePublished\":\"2026-02-17T13:47:42+00:00\",\"dateModified\":\"2026-02-17T14:20:18+00:00\",\"mainEntityOfPage\":{\"@id\":\"https:\/\/icoca.ch\/fr\/2026\/02\/17\/icoca-expands-in-the-americas-with-belize-membership\/\"},\"wordCount\":737,\"publisher\":{\"@id\":\"https:\/\/icoca.ch\/fr\/#organization\"},\"image\":{\"@id\":\"https:\/\/icoca.ch\/fr\/2026\/02\/17\/icoca-expands-in-the-americas-with-belize-membership\/#primaryimage\"},\"thumbnailUrl\":\"https:\/\/icoca.ch\/wp-content\/uploads\/2026\/02\/Belize-Featured-Image.jpg\",\"articleSection\":[\"Profil\"],\"inLanguage\":\"fr-FR\"},{\"@type\":\"WebPage\",\"@id\":\"https:\/\/icoca.ch\/fr\/2026\/02\/17\/icoca-expands-in-the-americas-with-belize-membership\/\",\"url\":\"https:\/\/icoca.ch\/fr\/2026\/02\/17\/icoca-expands-in-the-americas-with-belize-membership\/\",\"name\":\"ICOCA \u00c9TEND SA PR\u00c9SENCE DANS LES AM\u00c9RIQUES AVEC L\u2019ADH\u00c9SION DU BELIZE - ICoCA - International Code of Conduct Association\",\"isPartOf\":{\"@id\":\"https:\/\/icoca.ch\/fr\/#website\"},\"primaryImageOfPage\":{\"@id\":\"https:\/\/icoca.ch\/fr\/2026\/02\/17\/icoca-expands-in-the-americas-with-belize-membership\/#primaryimage\"},\"image\":{\"@id\":\"https:\/\/icoca.ch\/fr\/2026\/02\/17\/icoca-expands-in-the-americas-with-belize-membership\/#primaryimage\"},\"thumbnailUrl\":\"https:\/\/icoca.ch\/wp-content\/uploads\/2026\/02\/Belize-Featured-Image.jpg\",\"datePublished\":\"2026-02-17T13:47:42+00:00\",\"dateModified\":\"2026-02-17T14:20:18+00:00\",\"breadcrumb\":{\"@id\":\"https:\/\/icoca.ch\/fr\/2026\/02\/17\/icoca-expands-in-the-americas-with-belize-membership\/#breadcrumb\"},\"inLanguage\":\"fr-FR\",\"potentialAction\":[{\"@type\":\"ReadAction\",\"target\":[\"https:\/\/icoca.ch\/fr\/2026\/02\/17\/icoca-expands-in-the-americas-with-belize-membership\/\"]}]},{\"@type\":\"ImageObject\",\"inLanguage\":\"fr-FR\",\"@id\":\"https:\/\/icoca.ch\/fr\/2026\/02\/17\/icoca-expands-in-the-americas-with-belize-membership\/#primaryimage\",\"url\":\"https:\/\/icoca.ch\/wp-content\/uploads\/2026\/02\/Belize-Featured-Image.jpg\",\"contentUrl\":\"https:\/\/icoca.ch\/wp-content\/uploads\/2026\/02\/Belize-Featured-Image.jpg\",\"width\":1440,\"height\":475},{\"@type\":\"BreadcrumbList\",\"@id\":\"https:\/\/icoca.ch\/fr\/2026\/02\/17\/icoca-expands-in-the-americas-with-belize-membership\/#breadcrumb\",\"itemListElement\":[{\"@type\":\"ListItem\",\"position\":1,\"name\":\"Home\",\"item\":\"https:\/\/icoca.ch\/fr\/\"},{\"@type\":\"ListItem\",\"position\":2,\"name\":\"ICOCA \u00c9TEND SA PR\u00c9SENCE DANS LES AM\u00c9RIQUES AVEC L\u2019ADH\u00c9SION DU BELIZE\"}]},{\"@type\":\"WebSite\",\"@id\":\"https:\/\/icoca.ch\/fr\/#website\",\"url\":\"https:\/\/icoca.ch\/fr\/\",\"name\":\"ICoCA - International Code of Conduct Association\",\"description\":\"Promoting responsible private security\",\"publisher\":{\"@id\":\"https:\/\/icoca.ch\/fr\/#organization\"},\"potentialAction\":[{\"@type\":\"SearchAction\",\"target\":{\"@type\":\"EntryPoint\",\"urlTemplate\":\"https:\/\/icoca.ch\/fr\/?s={search_term_string}\"},\"query-input\":{\"@type\":\"PropertyValueSpecification\",\"valueRequired\":true,\"valueName\":\"search_term_string\"}}],\"inLanguage\":\"fr-FR\"},{\"@type\":\"Organization\",\"@id\":\"https:\/\/icoca.ch\/fr\/#organization\",\"name\":\"ICoCA - International Code of Conduct Association\",\"url\":\"https:\/\/icoca.ch\/fr\/\",\"logo\":{\"@type\":\"ImageObject\",\"inLanguage\":\"fr-FR\",\"@id\":\"https:\/\/icoca.ch\/fr\/#\/schema\/logo\/image\/\",\"url\":\"https:\/\/icoca.ch\/wp-content\/uploads\/2024\/05\/ICoCA_2022_Full-White-Text@3x.png\",\"contentUrl\":\"https:\/\/icoca.ch\/wp-content\/uploads\/2024\/05\/ICoCA_2022_Full-White-Text@3x.png\",\"width\":9588,\"height\":4297,\"caption\":\"ICoCA - International Code of Conduct Association\"},\"image\":{\"@id\":\"https:\/\/icoca.ch\/fr\/#\/schema\/logo\/image\/\"}},{\"@type\":\"Person\",\"@id\":\"https:\/\/icoca.ch\/fr\/#\/schema\/person\/65c3a9120bc8e860952e2b60d65a9b32\",\"name\":\"Florie Barbotte\"}]}<\/script>\n<!-- \/ Yoast SEO plugin. -->","yoast_head_json":{"title":"ICOCA \u00c9TEND SA PR\u00c9SENCE DANS LES AM\u00c9RIQUES AVEC L\u2019ADH\u00c9SION DU BELIZE - ICoCA - International Code of Conduct Association","robots":{"index":"index","follow":"follow","max-snippet":"max-snippet:-1","max-image-preview":"max-image-preview:large","max-video-preview":"max-video-preview:-1"},"canonical":"https:\/\/icoca.ch\/fr\/2026\/02\/17\/icoca-expands-in-the-americas-with-belize-membership\/","og_locale":"fr_FR","og_type":"article","og_title":"ICOCA \u00c9TEND SA PR\u00c9SENCE DANS LES AM\u00c9RIQUES AVEC L\u2019ADH\u00c9SION DU BELIZE - ICoCA - International Code of Conduct Association","og_description":"\u00c0 la suite de l\u2019adh\u00e9sion de l\u2019Uruguay au d\u00e9but de l\u2019ann\u00e9e 2024, l\u2019empreinte d\u2019ICoCA dans les Am\u00e9riques continue de s\u2019\u00e9largir avec l\u2019accueil du Belize en tant que neuvi\u00e8me gouvernement membre. Les gouvernements jouent un r\u00f4le central dans la mission d\u2019ICoCA, en fa\u00e7onnant le secteur de la s\u00e9curit\u00e9 priv\u00e9e en tant que r\u00e9gulateurs, clients et donateurs. [&hellip;]","og_url":"https:\/\/icoca.ch\/fr\/2026\/02\/17\/icoca-expands-in-the-americas-with-belize-membership\/","og_site_name":"ICoCA - International Code of Conduct Association","article_published_time":"2026-02-17T13:47:42+00:00","article_modified_time":"2026-02-17T14:20:18+00:00","og_image":[{"width":1440,"height":475,"url":"https:\/\/icoca.ch\/wp-content\/uploads\/2026\/02\/Belize-Featured-Image.jpg","type":"image\/jpeg"}],"author":"Florie Barbotte","twitter_card":"summary_large_image","twitter_misc":{"\u00c9crit par":"Florie Barbotte","Dur\u00e9e de lecture estim\u00e9e":"4 minutes"},"schema":{"@context":"https:\/\/schema.org","@graph":[{"@type":"Article","@id":"https:\/\/icoca.ch\/fr\/2026\/02\/17\/icoca-expands-in-the-americas-with-belize-membership\/#article","isPartOf":{"@id":"https:\/\/icoca.ch\/fr\/2026\/02\/17\/icoca-expands-in-the-americas-with-belize-membership\/"},"author":{"name":"Florie Barbotte","@id":"https:\/\/icoca.ch\/fr\/#\/schema\/person\/65c3a9120bc8e860952e2b60d65a9b32"},"headline":"ICOCA \u00c9TEND SA PR\u00c9SENCE DANS LES AM\u00c9RIQUES AVEC L\u2019ADH\u00c9SION DU BELIZE","datePublished":"2026-02-17T13:47:42+00:00","dateModified":"2026-02-17T14:20:18+00:00","mainEntityOfPage":{"@id":"https:\/\/icoca.ch\/fr\/2026\/02\/17\/icoca-expands-in-the-americas-with-belize-membership\/"},"wordCount":737,"publisher":{"@id":"https:\/\/icoca.ch\/fr\/#organization"},"image":{"@id":"https:\/\/icoca.ch\/fr\/2026\/02\/17\/icoca-expands-in-the-americas-with-belize-membership\/#primaryimage"},"thumbnailUrl":"https:\/\/icoca.ch\/wp-content\/uploads\/2026\/02\/Belize-Featured-Image.jpg","articleSection":["Profil"],"inLanguage":"fr-FR"},{"@type":"WebPage","@id":"https:\/\/icoca.ch\/fr\/2026\/02\/17\/icoca-expands-in-the-americas-with-belize-membership\/","url":"https:\/\/icoca.ch\/fr\/2026\/02\/17\/icoca-expands-in-the-americas-with-belize-membership\/","name":"ICOCA \u00c9TEND SA PR\u00c9SENCE DANS LES AM\u00c9RIQUES AVEC L\u2019ADH\u00c9SION DU BELIZE - ICoCA - International Code of Conduct Association","isPartOf":{"@id":"https:\/\/icoca.ch\/fr\/#website"},"primaryImageOfPage":{"@id":"https:\/\/icoca.ch\/fr\/2026\/02\/17\/icoca-expands-in-the-americas-with-belize-membership\/#primaryimage"},"image":{"@id":"https:\/\/icoca.ch\/fr\/2026\/02\/17\/icoca-expands-in-the-americas-with-belize-membership\/#primaryimage"},"thumbnailUrl":"https:\/\/icoca.ch\/wp-content\/uploads\/2026\/02\/Belize-Featured-Image.jpg","datePublished":"2026-02-17T13:47:42+00:00","dateModified":"2026-02-17T14:20:18+00:00","breadcrumb":{"@id":"https:\/\/icoca.ch\/fr\/2026\/02\/17\/icoca-expands-in-the-americas-with-belize-membership\/#breadcrumb"},"inLanguage":"fr-FR","potentialAction":[{"@type":"ReadAction","target":["https:\/\/icoca.ch\/fr\/2026\/02\/17\/icoca-expands-in-the-americas-with-belize-membership\/"]}]},{"@type":"ImageObject","inLanguage":"fr-FR","@id":"https:\/\/icoca.ch\/fr\/2026\/02\/17\/icoca-expands-in-the-americas-with-belize-membership\/#primaryimage","url":"https:\/\/icoca.ch\/wp-content\/uploads\/2026\/02\/Belize-Featured-Image.jpg","contentUrl":"https:\/\/icoca.ch\/wp-content\/uploads\/2026\/02\/Belize-Featured-Image.jpg","width":1440,"height":475},{"@type":"BreadcrumbList","@id":"https:\/\/icoca.ch\/fr\/2026\/02\/17\/icoca-expands-in-the-americas-with-belize-membership\/#breadcrumb","itemListElement":[{"@type":"ListItem","position":1,"name":"Home","item":"https:\/\/icoca.ch\/fr\/"},{"@type":"ListItem","position":2,"name":"ICOCA \u00c9TEND SA PR\u00c9SENCE DANS LES AM\u00c9RIQUES AVEC L\u2019ADH\u00c9SION DU BELIZE"}]},{"@type":"WebSite","@id":"https:\/\/icoca.ch\/fr\/#website","url":"https:\/\/icoca.ch\/fr\/","name":"ICoCA - International Code of Conduct Association","description":"Promoting responsible private security","publisher":{"@id":"https:\/\/icoca.ch\/fr\/#organization"},"potentialAction":[{"@type":"SearchAction","target":{"@type":"EntryPoint","urlTemplate":"https:\/\/icoca.ch\/fr\/?s={search_term_string}"},"query-input":{"@type":"PropertyValueSpecification","valueRequired":true,"valueName":"search_term_string"}}],"inLanguage":"fr-FR"},{"@type":"Organization","@id":"https:\/\/icoca.ch\/fr\/#organization","name":"ICoCA - International Code of Conduct Association","url":"https:\/\/icoca.ch\/fr\/","logo":{"@type":"ImageObject","inLanguage":"fr-FR","@id":"https:\/\/icoca.ch\/fr\/#\/schema\/logo\/image\/","url":"https:\/\/icoca.ch\/wp-content\/uploads\/2024\/05\/ICoCA_2022_Full-White-Text@3x.png","contentUrl":"https:\/\/icoca.ch\/wp-content\/uploads\/2024\/05\/ICoCA_2022_Full-White-Text@3x.png","width":9588,"height":4297,"caption":"ICoCA - International Code of Conduct Association"},"image":{"@id":"https:\/\/icoca.ch\/fr\/#\/schema\/logo\/image\/"}},{"@type":"Person","@id":"https:\/\/icoca.ch\/fr\/#\/schema\/person\/65c3a9120bc8e860952e2b60d65a9b32","name":"Florie Barbotte"}]}},"category_names":["Profil"],"news_thumbnail_url":"https:\/\/icoca.ch\/wp-content\/uploads\/2026\/02\/Belize-Thumbnail-News-List.png","date_string":"17\/02\/2026","_links":{"self":[{"href":"https:\/\/icoca.ch\/fr\/wp-json\/wp\/v2\/posts\/81778","targetHints":{"allow":["GET"]}}],"collection":[{"href":"https:\/\/icoca.ch\/fr\/wp-json\/wp\/v2\/posts"}],"about":[{"href":"https:\/\/icoca.ch\/fr\/wp-json\/wp\/v2\/types\/post"}],"author":[{"embeddable":true,"href":"https:\/\/icoca.ch\/fr\/wp-json\/wp\/v2\/users\/5"}],"replies":[{"embeddable":true,"href":"https:\/\/icoca.ch\/fr\/wp-json\/wp\/v2\/comments?post=81778"}],"version-history":[{"count":4,"href":"https:\/\/icoca.ch\/fr\/wp-json\/wp\/v2\/posts\/81778\/revisions"}],"predecessor-version":[{"id":81794,"href":"https:\/\/icoca.ch\/fr\/wp-json\/wp\/v2\/posts\/81778\/revisions\/81794"}],"wp:featuredmedia":[{"embeddable":true,"href":"https:\/\/icoca.ch\/fr\/wp-json\/wp\/v2\/media\/81736"}],"wp:attachment":[{"href":"https:\/\/icoca.ch\/fr\/wp-json\/wp\/v2\/media?parent=81778"}],"wp:term":[{"taxonomy":"category","embeddable":true,"href":"https:\/\/icoca.ch\/fr\/wp-json\/wp\/v2\/categories?post=81778"}],"curies":[{"name":"wp","href":"https:\/\/api.w.org\/{rel}","templated":true}]}}