{"id":7128,"date":"2021-12-01T15:57:21","date_gmt":"2021-12-01T15:57:21","guid":{"rendered":"https:\/\/icoca.ch\/2021\/12\/01\/aga-2021-dec-8-plenary-panel-working-conditions-in-the-private-security-industry\/"},"modified":"2022-01-06T10:50:13","modified_gmt":"2022-01-06T10:50:13","slug":"aga-2021-dec-8-plenary-panel-working-conditions-in-the-private-security-industry","status":"publish","type":"post","link":"https:\/\/icoca.ch\/fr\/2021\/12\/01\/aga-2021-dec-8-plenary-panel-working-conditions-in-the-private-security-industry\/","title":{"rendered":"SESSION PLENIERE DE L&rsquo;AGA 2021, 8 DEC &#8211; CONDITIONS DE TRAVAIL DANS LE SECTEUR DE LA S\u00c9CURIT\u00c9 PRIV\u00c9E"},"content":{"rendered":"<p><iframe loading=\"lazy\" title=\"Conditions de travail dans le secteur de la s\u00e9curit\u00e9 priv\u00e9e\" width=\"640\" height=\"360\" src=\"https:\/\/www.youtube.com\/embed\/1Os7Sm_jibo?feature=oembed\" frameborder=\"0\" allow=\"accelerometer; autoplay; clipboard-write; encrypted-media; gyroscope; picture-in-picture; web-share\" referrerpolicy=\"strict-origin-when-cross-origin\" allowfullscreen><\/iframe><\/p>\n<p>La capacit\u00e9 des entreprises de s\u00e9curit\u00e9 priv\u00e9e \u00e0 ex\u00e9cuter des contrats et \u00e0 fournir une protection respectant les droits humains et le droit humanitaire international d\u00e9pend des normes de recrutement, de la formation qu&rsquo;elles dispensent et des conditions de travail de leur personnel. Ce panel d&rsquo;experts dans le domaine du travail et de la s\u00e9curit\u00e9 priv\u00e9e examine les questions cl\u00e9s concernant ce sujet, notamment :<\/p>\n<ul>\n<li>Quelles sont les conditions de travail des gardes dans l&rsquo;ensemble du secteur aujourd&rsquo;hui ?<\/li>\n<li>Comment les droits de travail des gardes aujourd&rsquo;hui affectent-ils leurs droits humains mais aussi les droits de leurs mandants ?<\/li>\n<li>Comment inciter le secteur \u00e0 offrir un prix et un traitement \u00e9quitables en \u00e9change de la qualit\u00e9 et de la s\u00e9curit\u00e9 ?<\/li>\n<\/ul>\n<p><strong>Quand<\/strong> : 8 d\u00e9cembre 2021<\/p>\n<p><strong>Mod\u00e9rateur<\/strong> :<\/p>\n<p><em><strong>Charlie Mayne<\/strong><\/em>, directeur g\u00e9n\u00e9ral, VSC Security Solutions, membre du conseil d&rsquo;administration de l&rsquo;ICoCA<\/p>\n<p><strong>Pan\u00e9listes<\/strong> :<\/p>\n<p><em><strong>Dr. Amanda Chisholm<\/strong><\/em>, Ma\u00eetre de conf\u00e9rences en \u00e9tudes de s\u00e9curit\u00e9, Kings College London<\/p>\n<p><em><strong>Mark Death<\/strong><\/em>, Adh\u00e9sion et sensibilisation \u00e0 la sant\u00e9 mentale, Association internationale des professionnels de la s\u00e9curit\u00e9 (IPSA)<\/p>\n<p><em><strong>Temilola Oyinloye<\/strong><\/em>, consultant principal, Control Risks, Nigeria<\/p>\n<p><em><strong>Eddy Stam<\/strong><\/em>, Chef des services immobiliers d&rsquo;UNI, UNI Global Union<\/p>\n","protected":false},"excerpt":{"rendered":"<p>La capacit\u00e9 des entreprises de s\u00e9curit\u00e9 priv\u00e9e \u00e0 ex\u00e9cuter des contrats et \u00e0 fournir une protection respectant les droits humains et le droit humanitaire international d\u00e9pend des normes de recrutement, de la formation qu&rsquo;elles dispensent et des conditions de travail de leur personnel. Ce panel d&rsquo;experts dans le domaine du travail et de la s\u00e9curit\u00e9 [&hellip;]<\/p>\n","protected":false},"author":3,"featured_media":0,"comment_status":"closed","ping_status":"closed","sticky":false,"template":"","format":"standard","meta":{"_acf_changed":false,"give_campaign_id":0,"footnotes":""},"categories":[18],"class_list":["post-7128","post","type-post","status-publish","format-standard","hentry","category-webinar_fr"],"acf":[],"yoast_head":"<!-- This site is optimized with the Yoast SEO plugin v26.5 - https:\/\/yoast.com\/wordpress\/plugins\/seo\/ -->\n<title>SESSION PLENIERE DE L&#039;AGA 2021, 8 DEC - CONDITIONS DE TRAVAIL DANS LE SECTEUR DE LA S\u00c9CURIT\u00c9 PRIV\u00c9E - ICoCA - International Code of Conduct Association<\/title>\n<meta name=\"robots\" content=\"index, follow, max-snippet:-1, max-image-preview:large, max-video-preview:-1\" \/>\n<link rel=\"canonical\" href=\"https:\/\/icoca.ch\/fr\/2021\/12\/01\/aga-2021-dec-8-plenary-panel-working-conditions-in-the-private-security-industry\/\" \/>\n<meta property=\"og:locale\" content=\"fr_FR\" \/>\n<meta property=\"og:type\" content=\"article\" \/>\n<meta property=\"og:title\" content=\"SESSION PLENIERE DE L&#039;AGA 2021, 8 DEC - CONDITIONS DE TRAVAIL DANS LE SECTEUR DE LA S\u00c9CURIT\u00c9 PRIV\u00c9E - ICoCA - International Code of Conduct Association\" \/>\n<meta property=\"og:description\" content=\"La capacit\u00e9 des entreprises de s\u00e9curit\u00e9 priv\u00e9e \u00e0 ex\u00e9cuter des contrats et \u00e0 fournir une protection respectant les droits humains et le droit humanitaire international d\u00e9pend des normes de recrutement, de la formation qu&rsquo;elles dispensent et des conditions de travail de leur personnel. Ce panel d&rsquo;experts dans le domaine du travail et de la s\u00e9curit\u00e9 [&hellip;]\" \/>\n<meta property=\"og:url\" content=\"https:\/\/icoca.ch\/fr\/2021\/12\/01\/aga-2021-dec-8-plenary-panel-working-conditions-in-the-private-security-industry\/\" \/>\n<meta property=\"og:site_name\" content=\"ICoCA - International Code of Conduct Association\" \/>\n<meta property=\"article:published_time\" content=\"2021-12-01T15:57:21+00:00\" \/>\n<meta property=\"article:modified_time\" content=\"2022-01-06T10:50:13+00:00\" \/>\n<meta name=\"author\" content=\"Editor ICoCA\" \/>\n<meta name=\"twitter:card\" content=\"summary_large_image\" \/>\n<meta name=\"twitter:label1\" content=\"\u00c9crit par\" \/>\n\t<meta name=\"twitter:data1\" content=\"Editor ICoCA\" \/>\n\t<meta name=\"twitter:label2\" content=\"Dur\u00e9e de lecture estim\u00e9e\" \/>\n\t<meta name=\"twitter:data2\" content=\"1 minute\" \/>\n<script type=\"application\/ld+json\" class=\"yoast-schema-graph\">{\"@context\":\"https:\/\/schema.org\",\"@graph\":[{\"@type\":\"Article\",\"@id\":\"https:\/\/icoca.ch\/fr\/2021\/12\/01\/aga-2021-dec-8-plenary-panel-working-conditions-in-the-private-security-industry\/#article\",\"isPartOf\":{\"@id\":\"https:\/\/icoca.ch\/fr\/2021\/12\/01\/aga-2021-dec-8-plenary-panel-working-conditions-in-the-private-security-industry\/\"},\"author\":{\"name\":\"Editor ICoCA\",\"@id\":\"https:\/\/icoca.ch\/fr\/#\/schema\/person\/e49736024b01aad0183dbf4da213c445\"},\"headline\":\"SESSION PLENIERE DE L&rsquo;AGA 2021, 8 DEC &#8211; CONDITIONS DE TRAVAIL DANS LE SECTEUR DE LA S\u00c9CURIT\u00c9 PRIV\u00c9E\",\"datePublished\":\"2021-12-01T15:57:21+00:00\",\"dateModified\":\"2022-01-06T10:50:13+00:00\",\"mainEntityOfPage\":{\"@id\":\"https:\/\/icoca.ch\/fr\/2021\/12\/01\/aga-2021-dec-8-plenary-panel-working-conditions-in-the-private-security-industry\/\"},\"wordCount\":230,\"publisher\":{\"@id\":\"https:\/\/icoca.ch\/fr\/#organization\"},\"articleSection\":[\"W\u00e9binaire\"],\"inLanguage\":\"fr-FR\"},{\"@type\":\"WebPage\",\"@id\":\"https:\/\/icoca.ch\/fr\/2021\/12\/01\/aga-2021-dec-8-plenary-panel-working-conditions-in-the-private-security-industry\/\",\"url\":\"https:\/\/icoca.ch\/fr\/2021\/12\/01\/aga-2021-dec-8-plenary-panel-working-conditions-in-the-private-security-industry\/\",\"name\":\"SESSION PLENIERE DE L'AGA 2021, 8 DEC - CONDITIONS DE TRAVAIL DANS LE SECTEUR DE LA S\u00c9CURIT\u00c9 PRIV\u00c9E - ICoCA - International Code of Conduct Association\",\"isPartOf\":{\"@id\":\"https:\/\/icoca.ch\/fr\/#website\"},\"datePublished\":\"2021-12-01T15:57:21+00:00\",\"dateModified\":\"2022-01-06T10:50:13+00:00\",\"breadcrumb\":{\"@id\":\"https:\/\/icoca.ch\/fr\/2021\/12\/01\/aga-2021-dec-8-plenary-panel-working-conditions-in-the-private-security-industry\/#breadcrumb\"},\"inLanguage\":\"fr-FR\",\"potentialAction\":[{\"@type\":\"ReadAction\",\"target\":[\"https:\/\/icoca.ch\/fr\/2021\/12\/01\/aga-2021-dec-8-plenary-panel-working-conditions-in-the-private-security-industry\/\"]}]},{\"@type\":\"BreadcrumbList\",\"@id\":\"https:\/\/icoca.ch\/fr\/2021\/12\/01\/aga-2021-dec-8-plenary-panel-working-conditions-in-the-private-security-industry\/#breadcrumb\",\"itemListElement\":[{\"@type\":\"ListItem\",\"position\":1,\"name\":\"Home\",\"item\":\"https:\/\/icoca.ch\/fr\/\"},{\"@type\":\"ListItem\",\"position\":2,\"name\":\"SESSION PLENIERE DE L&#8217;AGA 2021, 8 DEC &#8211; CONDITIONS DE TRAVAIL DANS LE SECTEUR DE LA S\u00c9CURIT\u00c9 PRIV\u00c9E\"}]},{\"@type\":\"WebSite\",\"@id\":\"https:\/\/icoca.ch\/fr\/#website\",\"url\":\"https:\/\/icoca.ch\/fr\/\",\"name\":\"ICoCA - International Code of Conduct Association\",\"description\":\"Promoting responsible private security\",\"publisher\":{\"@id\":\"https:\/\/icoca.ch\/fr\/#organization\"},\"potentialAction\":[{\"@type\":\"SearchAction\",\"target\":{\"@type\":\"EntryPoint\",\"urlTemplate\":\"https:\/\/icoca.ch\/fr\/?s={search_term_string}\"},\"query-input\":{\"@type\":\"PropertyValueSpecification\",\"valueRequired\":true,\"valueName\":\"search_term_string\"}}],\"inLanguage\":\"fr-FR\"},{\"@type\":\"Organization\",\"@id\":\"https:\/\/icoca.ch\/fr\/#organization\",\"name\":\"ICoCA - International Code of Conduct Association\",\"url\":\"https:\/\/icoca.ch\/fr\/\",\"logo\":{\"@type\":\"ImageObject\",\"inLanguage\":\"fr-FR\",\"@id\":\"https:\/\/icoca.ch\/fr\/#\/schema\/logo\/image\/\",\"url\":\"https:\/\/icoca.ch\/wp-content\/uploads\/2024\/05\/ICoCA_2022_Full-White-Text@3x.png\",\"contentUrl\":\"https:\/\/icoca.ch\/wp-content\/uploads\/2024\/05\/ICoCA_2022_Full-White-Text@3x.png\",\"width\":9588,\"height\":4297,\"caption\":\"ICoCA - International Code of Conduct Association\"},\"image\":{\"@id\":\"https:\/\/icoca.ch\/fr\/#\/schema\/logo\/image\/\"}},{\"@type\":\"Person\",\"@id\":\"https:\/\/icoca.ch\/fr\/#\/schema\/person\/e49736024b01aad0183dbf4da213c445\",\"name\":\"Editor ICoCA\"}]}<\/script>\n<!-- \/ Yoast SEO plugin. -->","yoast_head_json":{"title":"SESSION PLENIERE DE L'AGA 2021, 8 DEC - CONDITIONS DE TRAVAIL DANS LE SECTEUR DE LA S\u00c9CURIT\u00c9 PRIV\u00c9E - ICoCA - International Code of Conduct Association","robots":{"index":"index","follow":"follow","max-snippet":"max-snippet:-1","max-image-preview":"max-image-preview:large","max-video-preview":"max-video-preview:-1"},"canonical":"https:\/\/icoca.ch\/fr\/2021\/12\/01\/aga-2021-dec-8-plenary-panel-working-conditions-in-the-private-security-industry\/","og_locale":"fr_FR","og_type":"article","og_title":"SESSION PLENIERE DE L'AGA 2021, 8 DEC - CONDITIONS DE TRAVAIL DANS LE SECTEUR DE LA S\u00c9CURIT\u00c9 PRIV\u00c9E - ICoCA - International Code of Conduct Association","og_description":"La capacit\u00e9 des entreprises de s\u00e9curit\u00e9 priv\u00e9e \u00e0 ex\u00e9cuter des contrats et \u00e0 fournir une protection respectant les droits humains et le droit humanitaire international d\u00e9pend des normes de recrutement, de la formation qu&rsquo;elles dispensent et des conditions de travail de leur personnel. Ce panel d&rsquo;experts dans le domaine du travail et de la s\u00e9curit\u00e9 [&hellip;]","og_url":"https:\/\/icoca.ch\/fr\/2021\/12\/01\/aga-2021-dec-8-plenary-panel-working-conditions-in-the-private-security-industry\/","og_site_name":"ICoCA - International Code of Conduct Association","article_published_time":"2021-12-01T15:57:21+00:00","article_modified_time":"2022-01-06T10:50:13+00:00","author":"Editor ICoCA","twitter_card":"summary_large_image","twitter_misc":{"\u00c9crit par":"Editor ICoCA","Dur\u00e9e de lecture estim\u00e9e":"1 minute"},"schema":{"@context":"https:\/\/schema.org","@graph":[{"@type":"Article","@id":"https:\/\/icoca.ch\/fr\/2021\/12\/01\/aga-2021-dec-8-plenary-panel-working-conditions-in-the-private-security-industry\/#article","isPartOf":{"@id":"https:\/\/icoca.ch\/fr\/2021\/12\/01\/aga-2021-dec-8-plenary-panel-working-conditions-in-the-private-security-industry\/"},"author":{"name":"Editor ICoCA","@id":"https:\/\/icoca.ch\/fr\/#\/schema\/person\/e49736024b01aad0183dbf4da213c445"},"headline":"SESSION PLENIERE DE L&rsquo;AGA 2021, 8 DEC &#8211; CONDITIONS DE TRAVAIL DANS LE SECTEUR DE LA S\u00c9CURIT\u00c9 PRIV\u00c9E","datePublished":"2021-12-01T15:57:21+00:00","dateModified":"2022-01-06T10:50:13+00:00","mainEntityOfPage":{"@id":"https:\/\/icoca.ch\/fr\/2021\/12\/01\/aga-2021-dec-8-plenary-panel-working-conditions-in-the-private-security-industry\/"},"wordCount":230,"publisher":{"@id":"https:\/\/icoca.ch\/fr\/#organization"},"articleSection":["W\u00e9binaire"],"inLanguage":"fr-FR"},{"@type":"WebPage","@id":"https:\/\/icoca.ch\/fr\/2021\/12\/01\/aga-2021-dec-8-plenary-panel-working-conditions-in-the-private-security-industry\/","url":"https:\/\/icoca.ch\/fr\/2021\/12\/01\/aga-2021-dec-8-plenary-panel-working-conditions-in-the-private-security-industry\/","name":"SESSION PLENIERE DE L'AGA 2021, 8 DEC - CONDITIONS DE TRAVAIL DANS LE SECTEUR DE LA S\u00c9CURIT\u00c9 PRIV\u00c9E - ICoCA - International Code of Conduct Association","isPartOf":{"@id":"https:\/\/icoca.ch\/fr\/#website"},"datePublished":"2021-12-01T15:57:21+00:00","dateModified":"2022-01-06T10:50:13+00:00","breadcrumb":{"@id":"https:\/\/icoca.ch\/fr\/2021\/12\/01\/aga-2021-dec-8-plenary-panel-working-conditions-in-the-private-security-industry\/#breadcrumb"},"inLanguage":"fr-FR","potentialAction":[{"@type":"ReadAction","target":["https:\/\/icoca.ch\/fr\/2021\/12\/01\/aga-2021-dec-8-plenary-panel-working-conditions-in-the-private-security-industry\/"]}]},{"@type":"BreadcrumbList","@id":"https:\/\/icoca.ch\/fr\/2021\/12\/01\/aga-2021-dec-8-plenary-panel-working-conditions-in-the-private-security-industry\/#breadcrumb","itemListElement":[{"@type":"ListItem","position":1,"name":"Home","item":"https:\/\/icoca.ch\/fr\/"},{"@type":"ListItem","position":2,"name":"SESSION PLENIERE DE L&#8217;AGA 2021, 8 DEC &#8211; CONDITIONS DE TRAVAIL DANS LE SECTEUR DE LA S\u00c9CURIT\u00c9 PRIV\u00c9E"}]},{"@type":"WebSite","@id":"https:\/\/icoca.ch\/fr\/#website","url":"https:\/\/icoca.ch\/fr\/","name":"ICoCA - International Code of Conduct Association","description":"Promoting responsible private security","publisher":{"@id":"https:\/\/icoca.ch\/fr\/#organization"},"potentialAction":[{"@type":"SearchAction","target":{"@type":"EntryPoint","urlTemplate":"https:\/\/icoca.ch\/fr\/?s={search_term_string}"},"query-input":{"@type":"PropertyValueSpecification","valueRequired":true,"valueName":"search_term_string"}}],"inLanguage":"fr-FR"},{"@type":"Organization","@id":"https:\/\/icoca.ch\/fr\/#organization","name":"ICoCA - International Code of Conduct Association","url":"https:\/\/icoca.ch\/fr\/","logo":{"@type":"ImageObject","inLanguage":"fr-FR","@id":"https:\/\/icoca.ch\/fr\/#\/schema\/logo\/image\/","url":"https:\/\/icoca.ch\/wp-content\/uploads\/2024\/05\/ICoCA_2022_Full-White-Text@3x.png","contentUrl":"https:\/\/icoca.ch\/wp-content\/uploads\/2024\/05\/ICoCA_2022_Full-White-Text@3x.png","width":9588,"height":4297,"caption":"ICoCA - International Code of Conduct Association"},"image":{"@id":"https:\/\/icoca.ch\/fr\/#\/schema\/logo\/image\/"}},{"@type":"Person","@id":"https:\/\/icoca.ch\/fr\/#\/schema\/person\/e49736024b01aad0183dbf4da213c445","name":"Editor ICoCA"}]}},"category_names":["W\u00e9binaire"],"news_thumbnail_url":"https:\/\/icoca.ch\/wp-content\/uploads\/2021\/12\/Website-News-Page-Image.png","date_string":"01\/12\/2021","_links":{"self":[{"href":"https:\/\/icoca.ch\/fr\/wp-json\/wp\/v2\/posts\/7128","targetHints":{"allow":["GET"]}}],"collection":[{"href":"https:\/\/icoca.ch\/fr\/wp-json\/wp\/v2\/posts"}],"about":[{"href":"https:\/\/icoca.ch\/fr\/wp-json\/wp\/v2\/types\/post"}],"author":[{"embeddable":true,"href":"https:\/\/icoca.ch\/fr\/wp-json\/wp\/v2\/users\/3"}],"replies":[{"embeddable":true,"href":"https:\/\/icoca.ch\/fr\/wp-json\/wp\/v2\/comments?post=7128"}],"version-history":[{"count":0,"href":"https:\/\/icoca.ch\/fr\/wp-json\/wp\/v2\/posts\/7128\/revisions"}],"wp:attachment":[{"href":"https:\/\/icoca.ch\/fr\/wp-json\/wp\/v2\/media?parent=7128"}],"wp:term":[{"taxonomy":"category","embeddable":true,"href":"https:\/\/icoca.ch\/fr\/wp-json\/wp\/v2\/categories?post=7128"}],"curies":[{"name":"wp","href":"https:\/\/api.w.org\/{rel}","templated":true}]}}