{"id":64451,"date":"2024-01-16T15:41:03","date_gmt":"2024-01-16T15:41:03","guid":{"rendered":"https:\/\/icoca.ch\/2024\/01\/17\/tenth-annual-general-assembly-report\/"},"modified":"2025-08-12T14:00:56","modified_gmt":"2025-08-12T14:00:56","slug":"tenth-annual-general-assembly-report","status":"publish","type":"post","link":"https:\/\/icoca.ch\/fr\/2024\/01\/16\/tenth-annual-general-assembly-report\/","title":{"rendered":"DIXI\u00c8ME ASSEMBL\u00c9E G\u00c9N\u00c9RALE ANNUELLE : UNE D\u00c9CENNIE DE CROISSANCE"},"content":{"rendered":"<p style=\"text-align: center;\">La <strong>dixi\u00e8me Assembl\u00e9e G\u00e9n\u00e9rale Annuelle (AGA) d&rsquo;ICoCA<\/strong>, ouverte aux Membres, Affili\u00e9s et Observateurs d&rsquo;ICoCA, s&rsquo;est tenue \u00e0 Gen\u00e8ve, en Suisse, les 4 et 5 d\u00e9cembre 2023.<\/p>\n<p><img loading=\"lazy\" decoding=\"async\" class=\"aligncenter wp-image-64384 size-large\" src=\"https:\/\/icoca.ch\/wp-content\/uploads\/2024\/01\/AGA-5-1-1024x666.jpg\" alt=\"\" width=\"640\" height=\"416\" srcset=\"https:\/\/icoca.ch\/wp-content\/uploads\/2024\/01\/AGA-5-1-1024x666.jpg 1024w, https:\/\/icoca.ch\/wp-content\/uploads\/2024\/01\/AGA-5-1-300x195.jpg 300w, https:\/\/icoca.ch\/wp-content\/uploads\/2024\/01\/AGA-5-1-768x500.jpg 768w, https:\/\/icoca.ch\/wp-content\/uploads\/2024\/01\/AGA-5-1-1536x999.jpg 1536w, https:\/\/icoca.ch\/wp-content\/uploads\/2024\/01\/AGA-5-1-500x325.jpg 500w, https:\/\/icoca.ch\/wp-content\/uploads\/2024\/01\/AGA-5-1.jpg 2048w\" sizes=\"auto, (max-width: 640px) 100vw, 640px\" \/><\/p>\n<p><strong>Marquer 10 ans d&rsquo;ICoCA : R\u00e9flexion sur une Empreinte Strat\u00e9gique<\/strong><\/p>\n<p>Commen\u00e7ant par des r\u00e9unions de piliers, l&rsquo;AGA a servi de plateforme pour les Membres, Affili\u00e9s et Observateurs afin de s&rsquo;engager dans un brainstorming collaboratif et contribuer au d\u00e9veloppement du futur plan strat\u00e9gique 2024-2028 de l&rsquo;Association. Les sessions ont fonctionn\u00e9 comme des consultations inclusives, visant \u00e0 recueillir un large \u00e9ventail d&rsquo;id\u00e9es et de contributions. Les participants ont \u00e9t\u00e9 encourag\u00e9s \u00e0 partager leurs id\u00e9es sur les priorit\u00e9s strat\u00e9giques et les domaines d&rsquo;intervention potentiels de l&rsquo;Association pour l&rsquo;avenir.<\/p>\n<p>C\u00e9l\u00e9brant le 10<sup>\u00e8me<\/sup> anniversaire d&rsquo;ICoCA, le panel d&rsquo;ouverture de l&rsquo;AGA a retrac\u00e9 la cr\u00e9ation et l&rsquo;\u00e9volution de l&rsquo;Association au cours de la derni\u00e8re d\u00e9cennie. S&rsquo;appuyant sur cette revue nostalgique, la discussion de groupe qui a suivi a d\u00e9ball\u00e9 la vision d&rsquo;ICoCA alors que l&rsquo;Association continue d&rsquo;\u00e9voluer. Une empreinte mondiale accrue, une collaboration renforc\u00e9e entre les organisations de la soci\u00e9t\u00e9 civile (OSC) et les entreprises de s\u00e9curit\u00e9 priv\u00e9es (ESP), une participation \u00e9largie des \u00c9tats et des clients et l&rsquo;adaptation \u00e0 l&rsquo;\u00e9volution des technologies ne sont que quelques-unes des questions jug\u00e9es essentielles \u00e0 l&rsquo;entr\u00e9e d&rsquo;ICoCA dans sa prochaine phase strat\u00e9gique. \u00c0 la base de cette vision, le panel a not\u00e9 que l&rsquo;engagement \u00e0 favoriser la confiance par des dialogues ouverts et stimulants devrait rester une pierre angulaire, tout comme l&rsquo;accent mis sur l&rsquo;investissement r\u00e9gional pour la croissance de l&rsquo;industrie.<\/p>\n<p><img loading=\"lazy\" decoding=\"async\" class=\"alignright wp-image-64347 size-medium\" style=\"display: block;\" src=\"https:\/\/icoca.ch\/wp-content\/uploads\/2024\/01\/AGA-3-296x300.jpg\" alt=\"\" width=\"296\" height=\"300\" srcset=\"https:\/\/icoca.ch\/wp-content\/uploads\/2024\/01\/AGA-3-296x300.jpg 296w, https:\/\/icoca.ch\/wp-content\/uploads\/2024\/01\/AGA-3-1010x1024.jpg 1010w, https:\/\/icoca.ch\/wp-content\/uploads\/2024\/01\/AGA-3-768x779.jpg 768w, https:\/\/icoca.ch\/wp-content\/uploads\/2024\/01\/AGA-3-1515x1536.jpg 1515w, https:\/\/icoca.ch\/wp-content\/uploads\/2024\/01\/AGA-3-328x333.jpg 328w, https:\/\/icoca.ch\/wp-content\/uploads\/2024\/01\/AGA-3.jpg 2020w\" sizes=\"auto, (max-width: 296px) 100vw, 296px\" \/><\/p>\n<p>Les participants \u00e0 l&rsquo;AGA ont ensuite eu l&rsquo;occasion d&rsquo;assister \u00e0 des sessions th\u00e9matiques et de formation parall\u00e8les sur les conditions de travail dans le secteur de la s\u00e9curit\u00e9 priv\u00e9e; les consid\u00e9rations ESG; la responsabilit\u00e9; le genre, les femmes, la paix et la s\u00e9curit\u00e9; et la r\u00e9duction du risque de violations des droits humains li\u00e9es aux chiens dans le cadre d&rsquo;op\u00e9rations de s\u00e9curit\u00e9 priv\u00e9e.<\/p>\n<p>Les r\u00e9sultats du <a href=\"https:\/\/icoca.ch\/fr\/working-conditions\/icoca-report-when-the-abused-becomes-the-abuser-2\/\">rapport sur les conditions de travail<\/a> et le <a href=\"https:\/\/icoca.ch\/fr\/working-conditions\/icoca-policy-brief-when-the-abused-becomes-the-abuser-2\/\">policy brief<\/a> d&rsquo;ICoCA, \u00e9labor\u00e9s en partenariat avec UNI Global Union et l&rsquo;Universit\u00e9 de Denver, ont servi de base \u00e0 des \u00e9changes en personne sur les conditions d&#8217;emploi dans le secteur de la s\u00e9curit\u00e9 priv\u00e9e. Conform\u00e9ment \u00e0 la mission d&rsquo;ICoCA, cette recherche a explor\u00e9 les conditions de travail sous l&rsquo;angle des droits humains, en \u00e9valuant la mani\u00e8re dont les conditions de travail recoupent les droits du personnel et la mani\u00e8re dont elles peuvent influencer la fa\u00e7on dont le personnel traite le public. Pour ICoCA, investir dans les conditions de travail est une opportunit\u00e9 pour les clients, les entreprises, les gouvernements et les autres parties prenantes de rehausser les normes du secteur en prot\u00e9geant les droits des travailleurs et en am\u00e9liorant la prestation de services en favorisant une culture de l&rsquo;attention et du respect dans le secteur.<\/p>\n<p>Au cours d&rsquo;une session th\u00e9matique sur le suivi des progr\u00e8s gr\u00e2ce \u00e0 la certification, la diligence raisonnable en mati\u00e8re de droits humains et les consid\u00e9rations ESG (Environnementales, Sociales et de Gouvernance), les participants ont abord\u00e9 les complexit\u00e9s des consid\u00e9rations ESG dans le secteur de la s\u00e9curit\u00e9 priv\u00e9e. Soulignant les d\u00e9fis et les opportunit\u00e9s, la conversation a mis en \u00e9vidence le <a href=\"https:\/\/icoca.ch\/fr\/esg\/guide\/\">Guide ESG de l&rsquo;Investisseur sur la S\u00e9curit\u00e9 Priv\u00e9e et les Droits Humains<\/a> et la <a href=\"https:\/\/icoca.ch\/fr\/esg\/icoca-esg-methodology-2\/\">M\u00e9thodologie de Notation ESG<\/a> d&rsquo;ICoCA comme des ressources cl\u00e9s pour engager les investisseurs et s&rsquo;aligner sur les normes ESG. L&rsquo;imminence de la Directive Europ\u00e9enne sur la Diligence Raisonnable en Mati\u00e8re de D\u00e9veloppement Durable et la n\u00e9cessit\u00e9 de rationaliser les m\u00e9canismes de reporting ont \u00e9t\u00e9 des th\u00e8mes centraux, les intervenants anticipant les efforts de collaboration entre ICoCA et l&rsquo;Initiative des Principes Volontaires pour \u00e9lever les normes de l&rsquo;industrie dans le domaine dynamique de la conformit\u00e9 ESG.<\/p>\n<p><img loading=\"lazy\" decoding=\"async\" class=\"alignleft wp-image-64373\" src=\"https:\/\/icoca.ch\/wp-content\/uploads\/2024\/01\/AGA-4.jpg\" alt=\"\" width=\"500\" height=\"333\" srcset=\"https:\/\/icoca.ch\/wp-content\/uploads\/2024\/01\/AGA-4.jpg 2048w, https:\/\/icoca.ch\/wp-content\/uploads\/2024\/01\/AGA-4-300x200.jpg 300w, https:\/\/icoca.ch\/wp-content\/uploads\/2024\/01\/AGA-4-1024x683.jpg 1024w, https:\/\/icoca.ch\/wp-content\/uploads\/2024\/01\/AGA-4-768x512.jpg 768w, https:\/\/icoca.ch\/wp-content\/uploads\/2024\/01\/AGA-4-1536x1025.jpg 1536w, https:\/\/icoca.ch\/wp-content\/uploads\/2024\/01\/AGA-4-500x333.jpg 500w\" sizes=\"auto, (max-width: 500px) 100vw, 500px\" \/><\/p>\n<p>Lorsqu&rsquo;il s&rsquo;agit de lutter contre les violations des droits humains, un objectif important est de veiller \u00e0 ce que les membres de l&rsquo;industrie de la s\u00e9curit\u00e9 priv\u00e9e soient r\u00e9ellement tenus de rendre des comptes pour tout acte r\u00e9pr\u00e9hensible. Une session de formation sur la responsabilit\u00e9 a permis d&rsquo;approfondir des sujets tels que les seuils d&rsquo;adh\u00e9sion, l&rsquo;\u00e9largissement de l&rsquo;influence de l&rsquo;Association, l&rsquo;engagement aupr\u00e8s des victimes et l&rsquo;\u00e9tablissement de proc\u00e9dures claires pour la r\u00e9solution des plaintes. Les participants ont soulign\u00e9 l&rsquo;importance des meilleures pratiques universelles, de l&rsquo;am\u00e9lioration de l&rsquo;accessibilit\u00e9 de la proc\u00e9dure de plainte et des solutions personnalis\u00e9es bas\u00e9es sur la cat\u00e9gorisation des plaignants. Les discussions ont abord\u00e9 une s\u00e9rie de questions, notamment la protection des plaignants, le maintien d&rsquo;un \u00e9quilibre dans la divulgation des informations et la mise en \u00e9vidence de l&rsquo;importance d&rsquo;un processus de plainte mutuellement b\u00e9n\u00e9fique pour une r\u00e9solution efficace et une am\u00e9lioration continue. La conversation a \u00e9galement port\u00e9 sur des questions li\u00e9es aux conflits d\u00e9coulant des exigences des clients et des normes fix\u00e9es par ICoCA.<\/p>\n<p>&nbsp;<\/p>\n<p><strong>Fa\u00e7onner la Prochaine D\u00e9cennie<\/strong><\/p>\n<p>L&rsquo;AGA 2023 a marqu\u00e9 l&rsquo;aboutissement d&rsquo;un processus de consultation d&rsquo;un an visant \u00e0 \u00e9laborer le plan strat\u00e9gique 2024-2028 d&rsquo;ICoCA. R\u00e9trospectivement, le plan 2019-2023, adopt\u00e9 pendant une p\u00e9riode de lutte pour l&rsquo;identit\u00e9 de l&rsquo;Association, a \u00e9t\u00e9 reconnu pour son caract\u00e8re pratique et son compromis dans la prise en compte des diff\u00e9rents points de vue sur la certification, le contr\u00f4le et les plaintes au sein du Conseil d&rsquo;Administration et des 3 piliers. Malgr\u00e9 son ambition mod\u00e9r\u00e9e, le plan a pos\u00e9 des bases solides au cours des cinq derni\u00e8res ann\u00e9es. En passant \u00e0 un nouveau plan strat\u00e9gique, l&rsquo;objectif est d\u00e9sormais d&rsquo;aller au-del\u00e0 des consid\u00e9rations op\u00e9rationnelles, en mettant l&rsquo;accent sur une ambition et une cr\u00e9ativit\u00e9 accrues, et sur un impact renforc\u00e9 au niveau mondial. Le plan 2024-2028 est envisag\u00e9 comme un outil de communication et de sensibilisation dynamique pour positionner strat\u00e9giquement l&rsquo;organisation dans le paysage \u00e9volutif de l&rsquo;industrie de la s\u00e9curit\u00e9. Jamie Williamson, Directeur Ex\u00e9cutif d&rsquo;ICoCA, a pr\u00e9sent\u00e9 les quatre th\u00e8mes \u00e9mergents qui contribueront \u00e0 fa\u00e7onner ce plan tourn\u00e9 vers l&rsquo;avenir :<\/p>\n<ol>\n<li><strong>L&rsquo;Impact de la Technologie<\/strong>: Explorer l&rsquo;impact de la technologie sur le paysage de la s\u00e9curit\u00e9, les risques qui y sont associ\u00e9s et \u00e9tablir des normes ou des orientations pour faire face \u00e0 ces d\u00e9veloppements.<\/li>\n<li><strong>Une Transition Juste<\/strong>: Se concentrer sur le r\u00f4le de la s\u00e9curit\u00e9 et des droits humains dans la transition vers les \u00e9nergies vertes et sur l&rsquo;importance croissante des industries extractives dans ce changement.<\/li>\n<li><strong>La Responsabilit\u00e9<\/strong>: Envisager des mesures pr\u00e9ventives et aborder des questions plus larges sur les tendances en mati\u00e8re de responsabilit\u00e9 dans le secteur de la s\u00e9curit\u00e9, y compris la croissance technologique, les litiges et les affaires p\u00e9nales.<\/li>\n<li><strong>Changer le Discours sur la S\u00e9curit\u00e9 Priv\u00e9e<\/strong>: Faire \u00e9voluer la perception de la s\u00e9curit\u00e9 priv\u00e9e d&rsquo;un simple prestataire de services \u00e0 un acteur \u00e9conomique majeur, en examinant son impact sur les conditions de travail, les normes mondiales et les communaut\u00e9s locales.<\/li>\n<\/ol>\n<p>&nbsp;<\/p>\n<p style=\"text-align: center;\">L&rsquo;AGA a \u00e9t\u00e9 suivie le 6 d\u00e9cembre par le tout premier <strong>Forum de la S\u00e9curit\u00e9 Responsable<\/strong>, un \u00e9v\u00e9nement qui a rassembl\u00e9 des praticiens de la s\u00e9curit\u00e9, des experts et des chercheurs pour \u00e9valuer l&rsquo;\u00e9volution du paysage de la s\u00e9curit\u00e9 et explorer des solutions innovantes \u00e0 travers des discussions de groupe th\u00e9matiques. Plus d&rsquo;informations <a href=\"https:\/\/icoca.ch\/fr\/2024\/01\/16\/responsible-security-forum-report\/\">ici<\/a>.<\/p>\n<p style=\"text-align: center;\"><img loading=\"lazy\" decoding=\"async\" class=\"aligncenter wp-image-64354 size-large\" src=\"https:\/\/icoca.ch\/wp-content\/uploads\/2024\/01\/AGA-2-1024x683.jpg\" alt=\"\" width=\"640\" height=\"427\" srcset=\"https:\/\/icoca.ch\/wp-content\/uploads\/2024\/01\/AGA-2-1024x683.jpg 1024w, https:\/\/icoca.ch\/wp-content\/uploads\/2024\/01\/AGA-2-300x200.jpg 300w, https:\/\/icoca.ch\/wp-content\/uploads\/2024\/01\/AGA-2-768x512.jpg 768w, https:\/\/icoca.ch\/wp-content\/uploads\/2024\/01\/AGA-2-1536x1025.jpg 1536w, https:\/\/icoca.ch\/wp-content\/uploads\/2024\/01\/AGA-2-500x333.jpg 500w, https:\/\/icoca.ch\/wp-content\/uploads\/2024\/01\/AGA-2.jpg 2048w\" sizes=\"auto, (max-width: 640px) 100vw, 640px\" \/><\/p>\n<p>&nbsp;<\/p>\n<p style=\"text-align: right;\"><em>Voir plus de photos de l&rsquo;\u00e9v\u00e9nement <a href=\"https:\/\/flic.kr\/s\/aHBqjB5TLF\">ici<\/a>.<\/em><\/p>\n","protected":false},"excerpt":{"rendered":"<p>La dixi\u00e8me Assembl\u00e9e G\u00e9n\u00e9rale Annuelle (AGA) d&rsquo;ICoCA, ouverte aux Membres, Affili\u00e9s et Observateurs d&rsquo;ICoCA, s&rsquo;est tenue \u00e0 Gen\u00e8ve, en Suisse, les 4 et 5 d\u00e9cembre 2023. Marquer 10 ans d&rsquo;ICoCA : R\u00e9flexion sur une Empreinte Strat\u00e9gique Commen\u00e7ant par des r\u00e9unions de piliers, l&rsquo;AGA a servi de plateforme pour les Membres, Affili\u00e9s et Observateurs afin de [&hellip;]<\/p>\n","protected":false},"author":5,"featured_media":64380,"comment_status":"closed","ping_status":"closed","sticky":false,"template":"","format":"standard","meta":{"_acf_changed":false,"give_campaign_id":0,"footnotes":""},"categories":[24,20],"class_list":["post-64451","post","type-post","status-publish","format-standard","has-post-thumbnail","hentry","category-event_fr","category-report_fr"],"acf":[],"yoast_head":"<!-- This site is optimized with the Yoast SEO plugin v26.5 - https:\/\/yoast.com\/wordpress\/plugins\/seo\/ -->\n<title>DIXI\u00c8ME ASSEMBL\u00c9E G\u00c9N\u00c9RALE ANNUELLE : UNE D\u00c9CENNIE DE CROISSANCE - ICoCA - International Code of Conduct Association<\/title>\n<meta name=\"robots\" content=\"index, follow, max-snippet:-1, max-image-preview:large, max-video-preview:-1\" \/>\n<link rel=\"canonical\" href=\"https:\/\/icoca.ch\/fr\/2024\/01\/16\/tenth-annual-general-assembly-report\/\" \/>\n<meta property=\"og:locale\" content=\"fr_FR\" \/>\n<meta property=\"og:type\" content=\"article\" \/>\n<meta property=\"og:title\" content=\"DIXI\u00c8ME ASSEMBL\u00c9E G\u00c9N\u00c9RALE ANNUELLE : UNE D\u00c9CENNIE DE CROISSANCE - ICoCA - International Code of Conduct Association\" \/>\n<meta property=\"og:description\" content=\"La dixi\u00e8me Assembl\u00e9e G\u00e9n\u00e9rale Annuelle (AGA) d&rsquo;ICoCA, ouverte aux Membres, Affili\u00e9s et Observateurs d&rsquo;ICoCA, s&rsquo;est tenue \u00e0 Gen\u00e8ve, en Suisse, les 4 et 5 d\u00e9cembre 2023. Marquer 10 ans d&rsquo;ICoCA : R\u00e9flexion sur une Empreinte Strat\u00e9gique Commen\u00e7ant par des r\u00e9unions de piliers, l&rsquo;AGA a servi de plateforme pour les Membres, Affili\u00e9s et Observateurs afin de [&hellip;]\" \/>\n<meta property=\"og:url\" content=\"https:\/\/icoca.ch\/fr\/2024\/01\/16\/tenth-annual-general-assembly-report\/\" \/>\n<meta property=\"og:site_name\" content=\"ICoCA - International Code of Conduct Association\" \/>\n<meta property=\"article:published_time\" content=\"2024-01-16T15:41:03+00:00\" \/>\n<meta property=\"article:modified_time\" content=\"2025-08-12T14:00:56+00:00\" \/>\n<meta property=\"og:image\" content=\"https:\/\/icoca.ch\/wp-content\/uploads\/2024\/01\/AGA-Featured-Image-1.jpg\" \/>\n\t<meta property=\"og:image:width\" content=\"1440\" \/>\n\t<meta property=\"og:image:height\" content=\"475\" \/>\n\t<meta property=\"og:image:type\" content=\"image\/jpeg\" \/>\n<meta name=\"author\" content=\"Florie Barbotte\" \/>\n<meta name=\"twitter:card\" content=\"summary_large_image\" \/>\n<meta name=\"twitter:label1\" content=\"\u00c9crit par\" \/>\n\t<meta name=\"twitter:data1\" content=\"Florie Barbotte\" \/>\n\t<meta name=\"twitter:label2\" content=\"Dur\u00e9e de lecture estim\u00e9e\" \/>\n\t<meta name=\"twitter:data2\" content=\"7 minutes\" \/>\n<script type=\"application\/ld+json\" class=\"yoast-schema-graph\">{\"@context\":\"https:\/\/schema.org\",\"@graph\":[{\"@type\":\"Article\",\"@id\":\"https:\/\/icoca.ch\/fr\/2024\/01\/16\/tenth-annual-general-assembly-report\/#article\",\"isPartOf\":{\"@id\":\"https:\/\/icoca.ch\/fr\/2024\/01\/16\/tenth-annual-general-assembly-report\/\"},\"author\":{\"name\":\"Florie Barbotte\",\"@id\":\"https:\/\/icoca.ch\/fr\/#\/schema\/person\/65c3a9120bc8e860952e2b60d65a9b32\"},\"headline\":\"DIXI\u00c8ME ASSEMBL\u00c9E G\u00c9N\u00c9RALE ANNUELLE : UNE D\u00c9CENNIE DE CROISSANCE\",\"datePublished\":\"2024-01-16T15:41:03+00:00\",\"dateModified\":\"2025-08-12T14:00:56+00:00\",\"mainEntityOfPage\":{\"@id\":\"https:\/\/icoca.ch\/fr\/2024\/01\/16\/tenth-annual-general-assembly-report\/\"},\"wordCount\":1362,\"publisher\":{\"@id\":\"https:\/\/icoca.ch\/fr\/#organization\"},\"image\":{\"@id\":\"https:\/\/icoca.ch\/fr\/2024\/01\/16\/tenth-annual-general-assembly-report\/#primaryimage\"},\"thumbnailUrl\":\"https:\/\/icoca.ch\/wp-content\/uploads\/2024\/01\/AGA-Featured-Image-1.jpg\",\"articleSection\":[\"\u00c9v\u00e8nement\",\"Rapport\"],\"inLanguage\":\"fr-FR\"},{\"@type\":\"WebPage\",\"@id\":\"https:\/\/icoca.ch\/fr\/2024\/01\/16\/tenth-annual-general-assembly-report\/\",\"url\":\"https:\/\/icoca.ch\/fr\/2024\/01\/16\/tenth-annual-general-assembly-report\/\",\"name\":\"DIXI\u00c8ME ASSEMBL\u00c9E G\u00c9N\u00c9RALE ANNUELLE : UNE D\u00c9CENNIE DE CROISSANCE - ICoCA - International Code of Conduct Association\",\"isPartOf\":{\"@id\":\"https:\/\/icoca.ch\/fr\/#website\"},\"primaryImageOfPage\":{\"@id\":\"https:\/\/icoca.ch\/fr\/2024\/01\/16\/tenth-annual-general-assembly-report\/#primaryimage\"},\"image\":{\"@id\":\"https:\/\/icoca.ch\/fr\/2024\/01\/16\/tenth-annual-general-assembly-report\/#primaryimage\"},\"thumbnailUrl\":\"https:\/\/icoca.ch\/wp-content\/uploads\/2024\/01\/AGA-Featured-Image-1.jpg\",\"datePublished\":\"2024-01-16T15:41:03+00:00\",\"dateModified\":\"2025-08-12T14:00:56+00:00\",\"breadcrumb\":{\"@id\":\"https:\/\/icoca.ch\/fr\/2024\/01\/16\/tenth-annual-general-assembly-report\/#breadcrumb\"},\"inLanguage\":\"fr-FR\",\"potentialAction\":[{\"@type\":\"ReadAction\",\"target\":[\"https:\/\/icoca.ch\/fr\/2024\/01\/16\/tenth-annual-general-assembly-report\/\"]}]},{\"@type\":\"ImageObject\",\"inLanguage\":\"fr-FR\",\"@id\":\"https:\/\/icoca.ch\/fr\/2024\/01\/16\/tenth-annual-general-assembly-report\/#primaryimage\",\"url\":\"https:\/\/icoca.ch\/wp-content\/uploads\/2024\/01\/AGA-Featured-Image-1.jpg\",\"contentUrl\":\"https:\/\/icoca.ch\/wp-content\/uploads\/2024\/01\/AGA-Featured-Image-1.jpg\",\"width\":1440,\"height\":475},{\"@type\":\"BreadcrumbList\",\"@id\":\"https:\/\/icoca.ch\/fr\/2024\/01\/16\/tenth-annual-general-assembly-report\/#breadcrumb\",\"itemListElement\":[{\"@type\":\"ListItem\",\"position\":1,\"name\":\"Home\",\"item\":\"https:\/\/icoca.ch\/fr\/\"},{\"@type\":\"ListItem\",\"position\":2,\"name\":\"DIXI\u00c8ME ASSEMBL\u00c9E G\u00c9N\u00c9RALE ANNUELLE : UNE D\u00c9CENNIE DE CROISSANCE\"}]},{\"@type\":\"WebSite\",\"@id\":\"https:\/\/icoca.ch\/fr\/#website\",\"url\":\"https:\/\/icoca.ch\/fr\/\",\"name\":\"ICoCA - International Code of Conduct Association\",\"description\":\"Promoting responsible private security\",\"publisher\":{\"@id\":\"https:\/\/icoca.ch\/fr\/#organization\"},\"potentialAction\":[{\"@type\":\"SearchAction\",\"target\":{\"@type\":\"EntryPoint\",\"urlTemplate\":\"https:\/\/icoca.ch\/fr\/?s={search_term_string}\"},\"query-input\":{\"@type\":\"PropertyValueSpecification\",\"valueRequired\":true,\"valueName\":\"search_term_string\"}}],\"inLanguage\":\"fr-FR\"},{\"@type\":\"Organization\",\"@id\":\"https:\/\/icoca.ch\/fr\/#organization\",\"name\":\"ICoCA - International Code of Conduct Association\",\"url\":\"https:\/\/icoca.ch\/fr\/\",\"logo\":{\"@type\":\"ImageObject\",\"inLanguage\":\"fr-FR\",\"@id\":\"https:\/\/icoca.ch\/fr\/#\/schema\/logo\/image\/\",\"url\":\"https:\/\/icoca.ch\/wp-content\/uploads\/2024\/05\/ICoCA_2022_Full-White-Text@3x.png\",\"contentUrl\":\"https:\/\/icoca.ch\/wp-content\/uploads\/2024\/05\/ICoCA_2022_Full-White-Text@3x.png\",\"width\":9588,\"height\":4297,\"caption\":\"ICoCA - International Code of Conduct Association\"},\"image\":{\"@id\":\"https:\/\/icoca.ch\/fr\/#\/schema\/logo\/image\/\"}},{\"@type\":\"Person\",\"@id\":\"https:\/\/icoca.ch\/fr\/#\/schema\/person\/65c3a9120bc8e860952e2b60d65a9b32\",\"name\":\"Florie Barbotte\"}]}<\/script>\n<!-- \/ Yoast SEO plugin. -->","yoast_head_json":{"title":"DIXI\u00c8ME ASSEMBL\u00c9E G\u00c9N\u00c9RALE ANNUELLE : UNE D\u00c9CENNIE DE CROISSANCE - ICoCA - International Code of Conduct Association","robots":{"index":"index","follow":"follow","max-snippet":"max-snippet:-1","max-image-preview":"max-image-preview:large","max-video-preview":"max-video-preview:-1"},"canonical":"https:\/\/icoca.ch\/fr\/2024\/01\/16\/tenth-annual-general-assembly-report\/","og_locale":"fr_FR","og_type":"article","og_title":"DIXI\u00c8ME ASSEMBL\u00c9E G\u00c9N\u00c9RALE ANNUELLE : UNE D\u00c9CENNIE DE CROISSANCE - ICoCA - International Code of Conduct Association","og_description":"La dixi\u00e8me Assembl\u00e9e G\u00e9n\u00e9rale Annuelle (AGA) d&rsquo;ICoCA, ouverte aux Membres, Affili\u00e9s et Observateurs d&rsquo;ICoCA, s&rsquo;est tenue \u00e0 Gen\u00e8ve, en Suisse, les 4 et 5 d\u00e9cembre 2023. Marquer 10 ans d&rsquo;ICoCA : R\u00e9flexion sur une Empreinte Strat\u00e9gique Commen\u00e7ant par des r\u00e9unions de piliers, l&rsquo;AGA a servi de plateforme pour les Membres, Affili\u00e9s et Observateurs afin de [&hellip;]","og_url":"https:\/\/icoca.ch\/fr\/2024\/01\/16\/tenth-annual-general-assembly-report\/","og_site_name":"ICoCA - International Code of Conduct Association","article_published_time":"2024-01-16T15:41:03+00:00","article_modified_time":"2025-08-12T14:00:56+00:00","og_image":[{"width":1440,"height":475,"url":"https:\/\/icoca.ch\/wp-content\/uploads\/2024\/01\/AGA-Featured-Image-1.jpg","type":"image\/jpeg"}],"author":"Florie Barbotte","twitter_card":"summary_large_image","twitter_misc":{"\u00c9crit par":"Florie Barbotte","Dur\u00e9e de lecture estim\u00e9e":"7 minutes"},"schema":{"@context":"https:\/\/schema.org","@graph":[{"@type":"Article","@id":"https:\/\/icoca.ch\/fr\/2024\/01\/16\/tenth-annual-general-assembly-report\/#article","isPartOf":{"@id":"https:\/\/icoca.ch\/fr\/2024\/01\/16\/tenth-annual-general-assembly-report\/"},"author":{"name":"Florie Barbotte","@id":"https:\/\/icoca.ch\/fr\/#\/schema\/person\/65c3a9120bc8e860952e2b60d65a9b32"},"headline":"DIXI\u00c8ME ASSEMBL\u00c9E G\u00c9N\u00c9RALE ANNUELLE : UNE D\u00c9CENNIE DE CROISSANCE","datePublished":"2024-01-16T15:41:03+00:00","dateModified":"2025-08-12T14:00:56+00:00","mainEntityOfPage":{"@id":"https:\/\/icoca.ch\/fr\/2024\/01\/16\/tenth-annual-general-assembly-report\/"},"wordCount":1362,"publisher":{"@id":"https:\/\/icoca.ch\/fr\/#organization"},"image":{"@id":"https:\/\/icoca.ch\/fr\/2024\/01\/16\/tenth-annual-general-assembly-report\/#primaryimage"},"thumbnailUrl":"https:\/\/icoca.ch\/wp-content\/uploads\/2024\/01\/AGA-Featured-Image-1.jpg","articleSection":["\u00c9v\u00e8nement","Rapport"],"inLanguage":"fr-FR"},{"@type":"WebPage","@id":"https:\/\/icoca.ch\/fr\/2024\/01\/16\/tenth-annual-general-assembly-report\/","url":"https:\/\/icoca.ch\/fr\/2024\/01\/16\/tenth-annual-general-assembly-report\/","name":"DIXI\u00c8ME ASSEMBL\u00c9E G\u00c9N\u00c9RALE ANNUELLE : UNE D\u00c9CENNIE DE CROISSANCE - ICoCA - International Code of Conduct Association","isPartOf":{"@id":"https:\/\/icoca.ch\/fr\/#website"},"primaryImageOfPage":{"@id":"https:\/\/icoca.ch\/fr\/2024\/01\/16\/tenth-annual-general-assembly-report\/#primaryimage"},"image":{"@id":"https:\/\/icoca.ch\/fr\/2024\/01\/16\/tenth-annual-general-assembly-report\/#primaryimage"},"thumbnailUrl":"https:\/\/icoca.ch\/wp-content\/uploads\/2024\/01\/AGA-Featured-Image-1.jpg","datePublished":"2024-01-16T15:41:03+00:00","dateModified":"2025-08-12T14:00:56+00:00","breadcrumb":{"@id":"https:\/\/icoca.ch\/fr\/2024\/01\/16\/tenth-annual-general-assembly-report\/#breadcrumb"},"inLanguage":"fr-FR","potentialAction":[{"@type":"ReadAction","target":["https:\/\/icoca.ch\/fr\/2024\/01\/16\/tenth-annual-general-assembly-report\/"]}]},{"@type":"ImageObject","inLanguage":"fr-FR","@id":"https:\/\/icoca.ch\/fr\/2024\/01\/16\/tenth-annual-general-assembly-report\/#primaryimage","url":"https:\/\/icoca.ch\/wp-content\/uploads\/2024\/01\/AGA-Featured-Image-1.jpg","contentUrl":"https:\/\/icoca.ch\/wp-content\/uploads\/2024\/01\/AGA-Featured-Image-1.jpg","width":1440,"height":475},{"@type":"BreadcrumbList","@id":"https:\/\/icoca.ch\/fr\/2024\/01\/16\/tenth-annual-general-assembly-report\/#breadcrumb","itemListElement":[{"@type":"ListItem","position":1,"name":"Home","item":"https:\/\/icoca.ch\/fr\/"},{"@type":"ListItem","position":2,"name":"DIXI\u00c8ME ASSEMBL\u00c9E G\u00c9N\u00c9RALE ANNUELLE : UNE D\u00c9CENNIE DE CROISSANCE"}]},{"@type":"WebSite","@id":"https:\/\/icoca.ch\/fr\/#website","url":"https:\/\/icoca.ch\/fr\/","name":"ICoCA - International Code of Conduct Association","description":"Promoting responsible private security","publisher":{"@id":"https:\/\/icoca.ch\/fr\/#organization"},"potentialAction":[{"@type":"SearchAction","target":{"@type":"EntryPoint","urlTemplate":"https:\/\/icoca.ch\/fr\/?s={search_term_string}"},"query-input":{"@type":"PropertyValueSpecification","valueRequired":true,"valueName":"search_term_string"}}],"inLanguage":"fr-FR"},{"@type":"Organization","@id":"https:\/\/icoca.ch\/fr\/#organization","name":"ICoCA - International Code of Conduct Association","url":"https:\/\/icoca.ch\/fr\/","logo":{"@type":"ImageObject","inLanguage":"fr-FR","@id":"https:\/\/icoca.ch\/fr\/#\/schema\/logo\/image\/","url":"https:\/\/icoca.ch\/wp-content\/uploads\/2024\/05\/ICoCA_2022_Full-White-Text@3x.png","contentUrl":"https:\/\/icoca.ch\/wp-content\/uploads\/2024\/05\/ICoCA_2022_Full-White-Text@3x.png","width":9588,"height":4297,"caption":"ICoCA - International Code of Conduct Association"},"image":{"@id":"https:\/\/icoca.ch\/fr\/#\/schema\/logo\/image\/"}},{"@type":"Person","@id":"https:\/\/icoca.ch\/fr\/#\/schema\/person\/65c3a9120bc8e860952e2b60d65a9b32","name":"Florie Barbotte"}]}},"category_names":["\u00c9v\u00e8nement","Rapport"],"news_thumbnail_url":"https:\/\/icoca.ch\/wp-content\/uploads\/2024\/01\/AGA-Thumbnail-News-List.png","date_string":"16\/01\/2024","_links":{"self":[{"href":"https:\/\/icoca.ch\/fr\/wp-json\/wp\/v2\/posts\/64451","targetHints":{"allow":["GET"]}}],"collection":[{"href":"https:\/\/icoca.ch\/fr\/wp-json\/wp\/v2\/posts"}],"about":[{"href":"https:\/\/icoca.ch\/fr\/wp-json\/wp\/v2\/types\/post"}],"author":[{"embeddable":true,"href":"https:\/\/icoca.ch\/fr\/wp-json\/wp\/v2\/users\/5"}],"replies":[{"embeddable":true,"href":"https:\/\/icoca.ch\/fr\/wp-json\/wp\/v2\/comments?post=64451"}],"version-history":[{"count":0,"href":"https:\/\/icoca.ch\/fr\/wp-json\/wp\/v2\/posts\/64451\/revisions"}],"wp:featuredmedia":[{"embeddable":true,"href":"https:\/\/icoca.ch\/fr\/wp-json\/wp\/v2\/media\/64380"}],"wp:attachment":[{"href":"https:\/\/icoca.ch\/fr\/wp-json\/wp\/v2\/media?parent=64451"}],"wp:term":[{"taxonomy":"category","embeddable":true,"href":"https:\/\/icoca.ch\/fr\/wp-json\/wp\/v2\/categories?post=64451"}],"curies":[{"name":"wp","href":"https:\/\/api.w.org\/{rel}","templated":true}]}}