{"id":16940,"date":"2023-11-01T15:00:06","date_gmt":"2023-11-01T15:00:06","guid":{"rendered":"https:\/\/icoca.ch\/2023\/10\/03\/icocas-10th-aga-information-and-registration\/"},"modified":"2023-11-23T14:46:55","modified_gmt":"2023-11-23T14:46:55","slug":"icocas-10th-aga-information-and-registration","status":"publish","type":"post","link":"https:\/\/icoca.ch\/fr\/2023\/11\/01\/icocas-10th-aga-information-and-registration\/","title":{"rendered":"10\u00c8ME AGA D&rsquo;ICOCA : INFORMATIONS ET INSCRIPTION"},"content":{"rendered":"<p><img loading=\"lazy\" decoding=\"async\" class=\"wp-image-17099 alignleft\" src=\"https:\/\/icoca.ch\/wp-content\/uploads\/2023\/10\/AGA-2023-FR-1.jpg\" alt=\"\" width=\"500\" height=\"500\" srcset=\"https:\/\/icoca.ch\/wp-content\/uploads\/2023\/10\/AGA-2023-FR-1.jpg 1080w, https:\/\/icoca.ch\/wp-content\/uploads\/2023\/10\/AGA-2023-FR-1-300x300.jpg 300w, https:\/\/icoca.ch\/wp-content\/uploads\/2023\/10\/AGA-2023-FR-1-1024x1024.jpg 1024w, https:\/\/icoca.ch\/wp-content\/uploads\/2023\/10\/AGA-2023-FR-1-150x150.jpg 150w, https:\/\/icoca.ch\/wp-content\/uploads\/2023\/10\/AGA-2023-FR-1-768x768.jpg 768w, https:\/\/icoca.ch\/wp-content\/uploads\/2023\/10\/AGA-2023-FR-1-333x333.jpg 333w\" sizes=\"auto, (max-width: 500px) 100vw, 500px\" \/><\/p>\n<p>&nbsp;<\/p>\n<p>&nbsp;<\/p>\n<p style=\"text-align: center;\">Les\u00a0<strong>4 et 5 d\u00e9cembre 2023<\/strong>, ICoCA tiendra sa\u00a0<strong>10e Assembl\u00e9e G\u00e9n\u00e9rale Annuelle (AGA)<\/strong>\u00a0\u00e0 <strong>Gen\u00e8ve<\/strong>, en Suisse.<\/p>\n<p style=\"text-align: center;\">L\u2019AGA sert de plateforme vitale pour favoriser la collaboration, le r\u00e9seautage, le partage des connaissances et mener des discussions significatives sur les questions critiques entourant la s\u00e9curit\u00e9 priv\u00e9e responsable. Au cours de cet \u00e9v\u00e9nement de deux jours, les Membres, Affili\u00e9s et Observateurs d\u2019ICoCA participeront \u00e0 des tables rondes et \u00e0 des ateliers interactifs.<\/p>\n<p style=\"text-align: center;\"><span style=\"color: #ff0000;\"><strong>Veuillez noter que cet \u00e9v\u00e9nement est ouvert uniquement aux Membres, Affili\u00e9s et Observateurs d&rsquo;ICoCA &#8211; toute autre inscription ne sera pas accept\u00e9e.<\/strong><\/span><\/p>\n<p style=\"text-align: center;\">Le programme provisoire et les possibilit\u00e9s d&rsquo;h\u00e9bergement sont pr\u00e9sent\u00e9s ci-dessous.<\/p>\n<p style=\"text-align: center;\"><a class=\"blue-button\" style=\"margin-top: 20px; display: inline-block;\" href=\"https:\/\/wkf.ms\/3rBZdfG\" target=\"_blank\" rel=\"noopener\">S&rsquo;inscrire<\/a><\/p>\n<p>&nbsp;<\/p>\n<p>&nbsp;<\/p>\n<p>&nbsp;<\/p>\n<p>&nbsp;<\/p>\n<p>&nbsp;<\/p>\n<hr \/>\n<h1 style=\"text-align: center;\"><strong>PROGRAMME<\/strong><\/h1>\n<p style=\"text-align: center;\"><em>Veuillez noter que le programme ci-dessous est encore \u00e0 l&rsquo;\u00e9tat de projet et qu&rsquo;il est susceptible d&rsquo;\u00eatre mis \u00e0 jours<\/em><\/p>\n<p style=\"text-align: center;\"><strong>Dates<\/strong>: 4 &amp; 5 d\u00e9cembre 2023<\/p>\n<p style=\"text-align: center;\"><strong>Venue<\/strong>: FER Gen\u00e8ve, rue de Saint-Jean 98, 1201 Gen\u00e8ve, Suisse<\/p>\n<p><img loading=\"lazy\" decoding=\"async\" class=\"aligncenter wp-image-63264\" src=\"https:\/\/icoca.ch\/wp-content\/uploads\/2023\/11\/AGA-Day-1-Agenda-FR.jpg\" alt=\"\" width=\"1200\" height=\"848\" srcset=\"https:\/\/icoca.ch\/wp-content\/uploads\/2023\/11\/AGA-Day-1-Agenda-FR.jpg 2000w, https:\/\/icoca.ch\/wp-content\/uploads\/2023\/11\/AGA-Day-1-Agenda-FR-300x212.jpg 300w, https:\/\/icoca.ch\/wp-content\/uploads\/2023\/11\/AGA-Day-1-Agenda-FR-1024x724.jpg 1024w, https:\/\/icoca.ch\/wp-content\/uploads\/2023\/11\/AGA-Day-1-Agenda-FR-768x543.jpg 768w, https:\/\/icoca.ch\/wp-content\/uploads\/2023\/11\/AGA-Day-1-Agenda-FR-1536x1086.jpg 1536w, https:\/\/icoca.ch\/wp-content\/uploads\/2023\/11\/AGA-Day-1-Agenda-FR-471x333.jpg 471w\" sizes=\"auto, (max-width: 1200px) 100vw, 1200px\" \/><\/p>\n<div>\n<div><img loading=\"lazy\" decoding=\"async\" class=\"aligncenter wp-image-63260\" src=\"https:\/\/icoca.ch\/wp-content\/uploads\/2023\/11\/AGA-Day-2-Agenda-FR-1.jpg\" alt=\"\" width=\"1200\" height=\"848\" srcset=\"https:\/\/icoca.ch\/wp-content\/uploads\/2023\/11\/AGA-Day-2-Agenda-FR-1.jpg 2000w, https:\/\/icoca.ch\/wp-content\/uploads\/2023\/11\/AGA-Day-2-Agenda-FR-1-300x212.jpg 300w, https:\/\/icoca.ch\/wp-content\/uploads\/2023\/11\/AGA-Day-2-Agenda-FR-1-1024x724.jpg 1024w, https:\/\/icoca.ch\/wp-content\/uploads\/2023\/11\/AGA-Day-2-Agenda-FR-1-768x543.jpg 768w, https:\/\/icoca.ch\/wp-content\/uploads\/2023\/11\/AGA-Day-2-Agenda-FR-1-1536x1086.jpg 1536w, https:\/\/icoca.ch\/wp-content\/uploads\/2023\/11\/AGA-Day-2-Agenda-FR-1-471x333.jpg 471w\" sizes=\"auto, (max-width: 1200px) 100vw, 1200px\" \/><\/div>\n<div><\/div>\n<div><img loading=\"lazy\" decoding=\"async\" class=\"aligncenter wp-image-63504\" src=\"https:\/\/icoca.ch\/wp-content\/uploads\/2023\/11\/AGA-Day-2-Agenda-FR-6.jpg\" alt=\"\" width=\"1200\" height=\"848\" srcset=\"https:\/\/icoca.ch\/wp-content\/uploads\/2023\/11\/AGA-Day-2-Agenda-FR-6.jpg 2000w, https:\/\/icoca.ch\/wp-content\/uploads\/2023\/11\/AGA-Day-2-Agenda-FR-6-300x212.jpg 300w, https:\/\/icoca.ch\/wp-content\/uploads\/2023\/11\/AGA-Day-2-Agenda-FR-6-1024x724.jpg 1024w, https:\/\/icoca.ch\/wp-content\/uploads\/2023\/11\/AGA-Day-2-Agenda-FR-6-768x543.jpg 768w, https:\/\/icoca.ch\/wp-content\/uploads\/2023\/11\/AGA-Day-2-Agenda-FR-6-1536x1086.jpg 1536w, https:\/\/icoca.ch\/wp-content\/uploads\/2023\/11\/AGA-Day-2-Agenda-FR-6-471x333.jpg 471w\" sizes=\"auto, (max-width: 1200px) 100vw, 1200px\" \/><\/div>\n<\/div>\n<p>&nbsp;<\/p>\n<hr \/>\n<h1 style=\"text-align: center;\"><strong>LOGEMENT<\/strong><\/h1>\n<p>&nbsp;<\/p>\n<p>Planifiez votre visite et r\u00e9servez votre h\u00e9bergement aupr\u00e8s de l&rsquo;un de nos h\u00f4tels partenaires :<\/p>\n<ul>\n<li><a href=\"https:\/\/www.hotel-f6.ch\/fr\/\">Design Hotel f6<\/a>: Contactez-les \u00e0 l&rsquo;adresse email <a href=\"mailto:info@hotel-f6.ch\">info@hotel-f6.ch<\/a>, et b\u00e9n\u00e9ficiez d&rsquo;un tarif pr\u00e9f\u00e9rentiel avec le code \u00ab\u00a0<strong>Icoca\/12\/23<\/strong>\u00ab\u00a0.<\/li>\n<li><a href=\"https:\/\/myreservations.manotel.com\/?adult=1&amp;arrive=2023-10-03&amp;chain=25738&amp;child=0&amp;currency=CHF&amp;depart=2023-10-04&amp;dest=MAN&amp;level=chain&amp;locale=fr-FR&amp;promo=ICOCA1222&amp;rooms=1&amp;theme=Reward&amp;themecode=Reward\">Manotel Group<\/a>: R\u00e9servez\u00a0en cliquant sur <a href=\"https:\/\/myreservations.manotel.com\/?adult=1&amp;arrive=2023-10-03&amp;chain=25738&amp;child=0&amp;currency=CHF&amp;depart=2023-10-04&amp;dest=MAN&amp;level=chain&amp;locale=fr-FR&amp;promo=ICOCA1222&amp;rooms=1&amp;theme=Reward&amp;themecode=Reward\">ce lien<\/a> et choisissez votre h\u00f4tel, en s\u00e9lectionnant vos dates d&rsquo;arriv\u00e9e et de d\u00e9part.<\/li>\n<li><a href=\"https:\/\/www.international-terminus.ch\/direct-bookingtimeout\">Hotel International &amp; Terminus<\/a>: R\u00e9servez en cliquant sur <a href=\"https:\/\/www.international-terminus.ch\/direct-bookingtimeout\">ce lien<\/a> et entrez le code \u00ab\u00a0<strong>ICOCA<\/strong>\u00a0\u00bb dans \u00ab\u00a0<span style=\"text-decoration: underline;\">Code de promotion<\/span>\u00a0\u00bb pour obtenir automatiquement une r\u00e9duction de 10 %.<\/li>\n<li><a href=\"https:\/\/ibis-geneve-centre-gare.hotels-geneva.org\/fr\/#main\">Ibis Geneva Centre Gare Hotel<\/a>: R\u00e9servez directement <a href=\"https:\/\/ibis-geneve-centre-gare.hotels-geneva.org\/fr\/#main\">ici<\/a>. Cet h\u00f4tel est tr\u00e8s proche de l&rsquo;\u00e9v\u00e9nement.<\/li>\n<\/ul>\n","protected":false},"excerpt":{"rendered":"<p>&nbsp; &nbsp; Les\u00a04 et 5 d\u00e9cembre 2023, ICoCA tiendra sa\u00a010e Assembl\u00e9e G\u00e9n\u00e9rale Annuelle (AGA)\u00a0\u00e0 Gen\u00e8ve, en Suisse. L\u2019AGA sert de plateforme vitale pour favoriser la collaboration, le r\u00e9seautage, le partage des connaissances et mener des discussions significatives sur les questions critiques entourant la s\u00e9curit\u00e9 priv\u00e9e responsable. Au cours de cet \u00e9v\u00e9nement de deux jours, les [&hellip;]<\/p>\n","protected":false},"author":5,"featured_media":17080,"comment_status":"closed","ping_status":"closed","sticky":false,"template":"","format":"standard","meta":{"_acf_changed":false,"give_campaign_id":0,"footnotes":""},"categories":[2,24],"class_list":["post-16940","post","type-post","status-publish","format-standard","has-post-thumbnail","hentry","category-general_fr","category-event_fr"],"acf":[],"yoast_head":"<!-- This site is optimized with the Yoast SEO plugin v26.5 - https:\/\/yoast.com\/wordpress\/plugins\/seo\/ -->\n<title>10\u00c8ME AGA D&#039;ICOCA : INFORMATIONS ET INSCRIPTION - ICoCA - International Code of Conduct Association<\/title>\n<meta name=\"robots\" content=\"index, follow, max-snippet:-1, max-image-preview:large, max-video-preview:-1\" \/>\n<link rel=\"canonical\" href=\"https:\/\/icoca.ch\/fr\/2023\/11\/01\/icocas-10th-aga-information-and-registration\/\" \/>\n<meta property=\"og:locale\" content=\"fr_FR\" \/>\n<meta property=\"og:type\" content=\"article\" \/>\n<meta property=\"og:title\" content=\"10\u00c8ME AGA D&#039;ICOCA : INFORMATIONS ET INSCRIPTION - ICoCA - International Code of Conduct Association\" \/>\n<meta property=\"og:description\" content=\"&nbsp; &nbsp; Les\u00a04 et 5 d\u00e9cembre 2023, ICoCA tiendra sa\u00a010e Assembl\u00e9e G\u00e9n\u00e9rale Annuelle (AGA)\u00a0\u00e0 Gen\u00e8ve, en Suisse. L\u2019AGA sert de plateforme vitale pour favoriser la collaboration, le r\u00e9seautage, le partage des connaissances et mener des discussions significatives sur les questions critiques entourant la s\u00e9curit\u00e9 priv\u00e9e responsable. Au cours de cet \u00e9v\u00e9nement de deux jours, les [&hellip;]\" \/>\n<meta property=\"og:url\" content=\"https:\/\/icoca.ch\/fr\/2023\/11\/01\/icocas-10th-aga-information-and-registration\/\" \/>\n<meta property=\"og:site_name\" content=\"ICoCA - International Code of Conduct Association\" \/>\n<meta property=\"article:published_time\" content=\"2023-11-01T15:00:06+00:00\" \/>\n<meta property=\"article:modified_time\" content=\"2023-11-23T14:46:55+00:00\" \/>\n<meta property=\"og:image\" content=\"https:\/\/icoca.ch\/wp-content\/uploads\/2023\/10\/AGA-Website-Featured-Image.jpg\" \/>\n\t<meta property=\"og:image:width\" content=\"1440\" \/>\n\t<meta property=\"og:image:height\" content=\"475\" \/>\n\t<meta property=\"og:image:type\" content=\"image\/jpeg\" \/>\n<meta name=\"author\" content=\"Florie Barbotte\" \/>\n<meta name=\"twitter:card\" content=\"summary_large_image\" \/>\n<meta name=\"twitter:label1\" content=\"\u00c9crit par\" \/>\n\t<meta name=\"twitter:data1\" content=\"Florie Barbotte\" \/>\n\t<meta name=\"twitter:label2\" content=\"Dur\u00e9e de lecture estim\u00e9e\" \/>\n\t<meta name=\"twitter:data2\" content=\"2 minutes\" \/>\n<script type=\"application\/ld+json\" class=\"yoast-schema-graph\">{\"@context\":\"https:\/\/schema.org\",\"@graph\":[{\"@type\":\"Article\",\"@id\":\"https:\/\/icoca.ch\/fr\/2023\/11\/01\/icocas-10th-aga-information-and-registration\/#article\",\"isPartOf\":{\"@id\":\"https:\/\/icoca.ch\/fr\/2023\/11\/01\/icocas-10th-aga-information-and-registration\/\"},\"author\":{\"name\":\"Florie Barbotte\",\"@id\":\"https:\/\/icoca.ch\/fr\/#\/schema\/person\/65c3a9120bc8e860952e2b60d65a9b32\"},\"headline\":\"10\u00c8ME AGA D&rsquo;ICOCA : INFORMATIONS ET INSCRIPTION\",\"datePublished\":\"2023-11-01T15:00:06+00:00\",\"dateModified\":\"2023-11-23T14:46:55+00:00\",\"mainEntityOfPage\":{\"@id\":\"https:\/\/icoca.ch\/fr\/2023\/11\/01\/icocas-10th-aga-information-and-registration\/\"},\"wordCount\":289,\"publisher\":{\"@id\":\"https:\/\/icoca.ch\/fr\/#organization\"},\"image\":{\"@id\":\"https:\/\/icoca.ch\/fr\/2023\/11\/01\/icocas-10th-aga-information-and-registration\/#primaryimage\"},\"thumbnailUrl\":\"https:\/\/icoca.ch\/wp-content\/uploads\/2023\/10\/AGA-Website-Featured-Image.jpg\",\"articleSection\":[\"Derni\u00e8res actualit\u00e9s\",\"\u00c9v\u00e8nement\"],\"inLanguage\":\"fr-FR\"},{\"@type\":\"WebPage\",\"@id\":\"https:\/\/icoca.ch\/fr\/2023\/11\/01\/icocas-10th-aga-information-and-registration\/\",\"url\":\"https:\/\/icoca.ch\/fr\/2023\/11\/01\/icocas-10th-aga-information-and-registration\/\",\"name\":\"10\u00c8ME AGA D'ICOCA : INFORMATIONS ET INSCRIPTION - ICoCA - International Code of Conduct Association\",\"isPartOf\":{\"@id\":\"https:\/\/icoca.ch\/fr\/#website\"},\"primaryImageOfPage\":{\"@id\":\"https:\/\/icoca.ch\/fr\/2023\/11\/01\/icocas-10th-aga-information-and-registration\/#primaryimage\"},\"image\":{\"@id\":\"https:\/\/icoca.ch\/fr\/2023\/11\/01\/icocas-10th-aga-information-and-registration\/#primaryimage\"},\"thumbnailUrl\":\"https:\/\/icoca.ch\/wp-content\/uploads\/2023\/10\/AGA-Website-Featured-Image.jpg\",\"datePublished\":\"2023-11-01T15:00:06+00:00\",\"dateModified\":\"2023-11-23T14:46:55+00:00\",\"breadcrumb\":{\"@id\":\"https:\/\/icoca.ch\/fr\/2023\/11\/01\/icocas-10th-aga-information-and-registration\/#breadcrumb\"},\"inLanguage\":\"fr-FR\",\"potentialAction\":[{\"@type\":\"ReadAction\",\"target\":[\"https:\/\/icoca.ch\/fr\/2023\/11\/01\/icocas-10th-aga-information-and-registration\/\"]}]},{\"@type\":\"ImageObject\",\"inLanguage\":\"fr-FR\",\"@id\":\"https:\/\/icoca.ch\/fr\/2023\/11\/01\/icocas-10th-aga-information-and-registration\/#primaryimage\",\"url\":\"https:\/\/icoca.ch\/wp-content\/uploads\/2023\/10\/AGA-Website-Featured-Image.jpg\",\"contentUrl\":\"https:\/\/icoca.ch\/wp-content\/uploads\/2023\/10\/AGA-Website-Featured-Image.jpg\",\"width\":1440,\"height\":475},{\"@type\":\"BreadcrumbList\",\"@id\":\"https:\/\/icoca.ch\/fr\/2023\/11\/01\/icocas-10th-aga-information-and-registration\/#breadcrumb\",\"itemListElement\":[{\"@type\":\"ListItem\",\"position\":1,\"name\":\"Home\",\"item\":\"https:\/\/icoca.ch\/fr\/\"},{\"@type\":\"ListItem\",\"position\":2,\"name\":\"10\u00c8ME AGA D&#8217;ICOCA : INFORMATIONS ET INSCRIPTION\"}]},{\"@type\":\"WebSite\",\"@id\":\"https:\/\/icoca.ch\/fr\/#website\",\"url\":\"https:\/\/icoca.ch\/fr\/\",\"name\":\"ICoCA - International Code of Conduct Association\",\"description\":\"Promoting responsible private security\",\"publisher\":{\"@id\":\"https:\/\/icoca.ch\/fr\/#organization\"},\"potentialAction\":[{\"@type\":\"SearchAction\",\"target\":{\"@type\":\"EntryPoint\",\"urlTemplate\":\"https:\/\/icoca.ch\/fr\/?s={search_term_string}\"},\"query-input\":{\"@type\":\"PropertyValueSpecification\",\"valueRequired\":true,\"valueName\":\"search_term_string\"}}],\"inLanguage\":\"fr-FR\"},{\"@type\":\"Organization\",\"@id\":\"https:\/\/icoca.ch\/fr\/#organization\",\"name\":\"ICoCA - International Code of Conduct Association\",\"url\":\"https:\/\/icoca.ch\/fr\/\",\"logo\":{\"@type\":\"ImageObject\",\"inLanguage\":\"fr-FR\",\"@id\":\"https:\/\/icoca.ch\/fr\/#\/schema\/logo\/image\/\",\"url\":\"https:\/\/icoca.ch\/wp-content\/uploads\/2024\/05\/ICoCA_2022_Full-White-Text@3x.png\",\"contentUrl\":\"https:\/\/icoca.ch\/wp-content\/uploads\/2024\/05\/ICoCA_2022_Full-White-Text@3x.png\",\"width\":9588,\"height\":4297,\"caption\":\"ICoCA - International Code of Conduct Association\"},\"image\":{\"@id\":\"https:\/\/icoca.ch\/fr\/#\/schema\/logo\/image\/\"}},{\"@type\":\"Person\",\"@id\":\"https:\/\/icoca.ch\/fr\/#\/schema\/person\/65c3a9120bc8e860952e2b60d65a9b32\",\"name\":\"Florie Barbotte\"}]}<\/script>\n<!-- \/ Yoast SEO plugin. -->","yoast_head_json":{"title":"10\u00c8ME AGA D'ICOCA : INFORMATIONS ET INSCRIPTION - ICoCA - International Code of Conduct Association","robots":{"index":"index","follow":"follow","max-snippet":"max-snippet:-1","max-image-preview":"max-image-preview:large","max-video-preview":"max-video-preview:-1"},"canonical":"https:\/\/icoca.ch\/fr\/2023\/11\/01\/icocas-10th-aga-information-and-registration\/","og_locale":"fr_FR","og_type":"article","og_title":"10\u00c8ME AGA D'ICOCA : INFORMATIONS ET INSCRIPTION - ICoCA - International Code of Conduct Association","og_description":"&nbsp; &nbsp; Les\u00a04 et 5 d\u00e9cembre 2023, ICoCA tiendra sa\u00a010e Assembl\u00e9e G\u00e9n\u00e9rale Annuelle (AGA)\u00a0\u00e0 Gen\u00e8ve, en Suisse. L\u2019AGA sert de plateforme vitale pour favoriser la collaboration, le r\u00e9seautage, le partage des connaissances et mener des discussions significatives sur les questions critiques entourant la s\u00e9curit\u00e9 priv\u00e9e responsable. Au cours de cet \u00e9v\u00e9nement de deux jours, les [&hellip;]","og_url":"https:\/\/icoca.ch\/fr\/2023\/11\/01\/icocas-10th-aga-information-and-registration\/","og_site_name":"ICoCA - International Code of Conduct Association","article_published_time":"2023-11-01T15:00:06+00:00","article_modified_time":"2023-11-23T14:46:55+00:00","og_image":[{"width":1440,"height":475,"url":"https:\/\/icoca.ch\/wp-content\/uploads\/2023\/10\/AGA-Website-Featured-Image.jpg","type":"image\/jpeg"}],"author":"Florie Barbotte","twitter_card":"summary_large_image","twitter_misc":{"\u00c9crit par":"Florie Barbotte","Dur\u00e9e de lecture estim\u00e9e":"2 minutes"},"schema":{"@context":"https:\/\/schema.org","@graph":[{"@type":"Article","@id":"https:\/\/icoca.ch\/fr\/2023\/11\/01\/icocas-10th-aga-information-and-registration\/#article","isPartOf":{"@id":"https:\/\/icoca.ch\/fr\/2023\/11\/01\/icocas-10th-aga-information-and-registration\/"},"author":{"name":"Florie Barbotte","@id":"https:\/\/icoca.ch\/fr\/#\/schema\/person\/65c3a9120bc8e860952e2b60d65a9b32"},"headline":"10\u00c8ME AGA D&rsquo;ICOCA : INFORMATIONS ET INSCRIPTION","datePublished":"2023-11-01T15:00:06+00:00","dateModified":"2023-11-23T14:46:55+00:00","mainEntityOfPage":{"@id":"https:\/\/icoca.ch\/fr\/2023\/11\/01\/icocas-10th-aga-information-and-registration\/"},"wordCount":289,"publisher":{"@id":"https:\/\/icoca.ch\/fr\/#organization"},"image":{"@id":"https:\/\/icoca.ch\/fr\/2023\/11\/01\/icocas-10th-aga-information-and-registration\/#primaryimage"},"thumbnailUrl":"https:\/\/icoca.ch\/wp-content\/uploads\/2023\/10\/AGA-Website-Featured-Image.jpg","articleSection":["Derni\u00e8res actualit\u00e9s","\u00c9v\u00e8nement"],"inLanguage":"fr-FR"},{"@type":"WebPage","@id":"https:\/\/icoca.ch\/fr\/2023\/11\/01\/icocas-10th-aga-information-and-registration\/","url":"https:\/\/icoca.ch\/fr\/2023\/11\/01\/icocas-10th-aga-information-and-registration\/","name":"10\u00c8ME AGA D'ICOCA : INFORMATIONS ET INSCRIPTION - ICoCA - International Code of Conduct Association","isPartOf":{"@id":"https:\/\/icoca.ch\/fr\/#website"},"primaryImageOfPage":{"@id":"https:\/\/icoca.ch\/fr\/2023\/11\/01\/icocas-10th-aga-information-and-registration\/#primaryimage"},"image":{"@id":"https:\/\/icoca.ch\/fr\/2023\/11\/01\/icocas-10th-aga-information-and-registration\/#primaryimage"},"thumbnailUrl":"https:\/\/icoca.ch\/wp-content\/uploads\/2023\/10\/AGA-Website-Featured-Image.jpg","datePublished":"2023-11-01T15:00:06+00:00","dateModified":"2023-11-23T14:46:55+00:00","breadcrumb":{"@id":"https:\/\/icoca.ch\/fr\/2023\/11\/01\/icocas-10th-aga-information-and-registration\/#breadcrumb"},"inLanguage":"fr-FR","potentialAction":[{"@type":"ReadAction","target":["https:\/\/icoca.ch\/fr\/2023\/11\/01\/icocas-10th-aga-information-and-registration\/"]}]},{"@type":"ImageObject","inLanguage":"fr-FR","@id":"https:\/\/icoca.ch\/fr\/2023\/11\/01\/icocas-10th-aga-information-and-registration\/#primaryimage","url":"https:\/\/icoca.ch\/wp-content\/uploads\/2023\/10\/AGA-Website-Featured-Image.jpg","contentUrl":"https:\/\/icoca.ch\/wp-content\/uploads\/2023\/10\/AGA-Website-Featured-Image.jpg","width":1440,"height":475},{"@type":"BreadcrumbList","@id":"https:\/\/icoca.ch\/fr\/2023\/11\/01\/icocas-10th-aga-information-and-registration\/#breadcrumb","itemListElement":[{"@type":"ListItem","position":1,"name":"Home","item":"https:\/\/icoca.ch\/fr\/"},{"@type":"ListItem","position":2,"name":"10\u00c8ME AGA D&#8217;ICOCA : INFORMATIONS ET INSCRIPTION"}]},{"@type":"WebSite","@id":"https:\/\/icoca.ch\/fr\/#website","url":"https:\/\/icoca.ch\/fr\/","name":"ICoCA - International Code of Conduct Association","description":"Promoting responsible private security","publisher":{"@id":"https:\/\/icoca.ch\/fr\/#organization"},"potentialAction":[{"@type":"SearchAction","target":{"@type":"EntryPoint","urlTemplate":"https:\/\/icoca.ch\/fr\/?s={search_term_string}"},"query-input":{"@type":"PropertyValueSpecification","valueRequired":true,"valueName":"search_term_string"}}],"inLanguage":"fr-FR"},{"@type":"Organization","@id":"https:\/\/icoca.ch\/fr\/#organization","name":"ICoCA - International Code of Conduct Association","url":"https:\/\/icoca.ch\/fr\/","logo":{"@type":"ImageObject","inLanguage":"fr-FR","@id":"https:\/\/icoca.ch\/fr\/#\/schema\/logo\/image\/","url":"https:\/\/icoca.ch\/wp-content\/uploads\/2024\/05\/ICoCA_2022_Full-White-Text@3x.png","contentUrl":"https:\/\/icoca.ch\/wp-content\/uploads\/2024\/05\/ICoCA_2022_Full-White-Text@3x.png","width":9588,"height":4297,"caption":"ICoCA - International Code of Conduct Association"},"image":{"@id":"https:\/\/icoca.ch\/fr\/#\/schema\/logo\/image\/"}},{"@type":"Person","@id":"https:\/\/icoca.ch\/fr\/#\/schema\/person\/65c3a9120bc8e860952e2b60d65a9b32","name":"Florie Barbotte"}]}},"category_names":["Derni\u00e8res actualit\u00e9s","\u00c9v\u00e8nement"],"news_thumbnail_url":"https:\/\/icoca.ch\/wp-content\/uploads\/2023\/10\/AGA-Thumbnail-News-List.png","date_string":"01\/11\/2023","_links":{"self":[{"href":"https:\/\/icoca.ch\/fr\/wp-json\/wp\/v2\/posts\/16940","targetHints":{"allow":["GET"]}}],"collection":[{"href":"https:\/\/icoca.ch\/fr\/wp-json\/wp\/v2\/posts"}],"about":[{"href":"https:\/\/icoca.ch\/fr\/wp-json\/wp\/v2\/types\/post"}],"author":[{"embeddable":true,"href":"https:\/\/icoca.ch\/fr\/wp-json\/wp\/v2\/users\/5"}],"replies":[{"embeddable":true,"href":"https:\/\/icoca.ch\/fr\/wp-json\/wp\/v2\/comments?post=16940"}],"version-history":[{"count":0,"href":"https:\/\/icoca.ch\/fr\/wp-json\/wp\/v2\/posts\/16940\/revisions"}],"wp:featuredmedia":[{"embeddable":true,"href":"https:\/\/icoca.ch\/fr\/wp-json\/wp\/v2\/media\/17080"}],"wp:attachment":[{"href":"https:\/\/icoca.ch\/fr\/wp-json\/wp\/v2\/media?parent=16940"}],"wp:term":[{"taxonomy":"category","embeddable":true,"href":"https:\/\/icoca.ch\/fr\/wp-json\/wp\/v2\/categories?post=16940"}],"curies":[{"name":"wp","href":"https:\/\/api.w.org\/{rel}","templated":true}]}}