{"id":14744,"date":"2023-08-28T15:31:27","date_gmt":"2023-08-28T15:31:27","guid":{"rendered":"https:\/\/icoca.ch\/2023\/08\/28\/new-board-director-vicky-bowman\/"},"modified":"2024-01-22T13:13:32","modified_gmt":"2024-01-22T13:13:32","slug":"new-board-director-vicky-bowman","status":"publish","type":"post","link":"https:\/\/icoca.ch\/fr\/2023\/08\/28\/new-board-director-vicky-bowman\/","title":{"rendered":"NOUVELLE DIRECTRICE DU CONSEIL D\u2019ADMINISTRATION : VICKY BOWMAN"},"content":{"rendered":"<h4 style=\"text-align: center;\">Le Conseil d\u2019Administration d\u2019ICoCA a le plaisir d\u2019annoncer que Vicky Bowman est une nouvelle Directrice du Conseil d\u2019Administration repr\u00e9sentant le Pilier OSC, \u00e9lue en ao\u00fbt 2023.<\/h4>\n<table style=\"border-collapse: collapse; width: 100%;\">\n<tbody>\n<tr>\n<td style=\"width: 36.2159%;\"><img loading=\"lazy\" decoding=\"async\" class=\"alignleft wp-image-14720\" src=\"https:\/\/icoca.ch\/wp-content\/uploads\/2023\/08\/Vicky-Bowman-Website-Picture-Frame-1024x935.jpg\" alt=\"\" width=\"500\" height=\"456\" srcset=\"https:\/\/icoca.ch\/wp-content\/uploads\/2023\/08\/Vicky-Bowman-Website-Picture-Frame-1024x935.jpg 1024w, https:\/\/icoca.ch\/wp-content\/uploads\/2023\/08\/Vicky-Bowman-Website-Picture-Frame-300x274.jpg 300w, https:\/\/icoca.ch\/wp-content\/uploads\/2023\/08\/Vicky-Bowman-Website-Picture-Frame-768x701.jpg 768w, https:\/\/icoca.ch\/wp-content\/uploads\/2023\/08\/Vicky-Bowman-Website-Picture-Frame-365x333.jpg 365w, https:\/\/icoca.ch\/wp-content\/uploads\/2023\/08\/Vicky-Bowman-Website-Picture-Frame.jpg 1286w\" sizes=\"auto, (max-width: 500px) 100vw, 500px\" \/><\/td>\n<td style=\"width: 63.7841%;\">\n<blockquote><p><strong>Vicky Bowman CMG<\/strong> a pass\u00e9 pr\u00e8s de la moiti\u00e9 de sa carri\u00e8re \u00e0 vivre au Myanmar, dont deux affectations en tant que diplomate britannique, et dix ans \u00e0 cr\u00e9er et diriger le Myanmar Centre for Responsible Business (MCRB), qui a \u00e9t\u00e9 cr\u00e9\u00e9 en juillet 2013 pour encourager les activit\u00e9s commerciales responsables au Myanmar. Le MCRB vise \u00e0 fournir un forum fiable et impartial pour le dialogue, les s\u00e9minaires et les s\u00e9ances d&rsquo;information aux parties concern\u00e9es, ainsi qu&rsquo;un acc\u00e8s \u00e0 l&rsquo;expertise et aux outils internationaux. Jusqu&rsquo;en 2022, Vicky \u00e9tait bas\u00e9e \u00e0 Yangon, mais apr\u00e8s avoir pass\u00e9 trois mois dans la prison d&rsquo;Insein \u00e0 la suite de son arrestation par le r\u00e9gime militaire, elle s&rsquo;est install\u00e9e \u00e0 Londres.<\/p>\n<p>Outre le MCRB, elle si\u00e8ge au Conseil Consultatif International de l&rsquo;Institute of Human Rights and Business (IHRB), l&rsquo;un des cofondateurs du MCRB, et est Membre Honoraire de l&rsquo;Institut Britannique de Droit International et Compar\u00e9. Vicky est titulaire d&rsquo;une ma\u00eetrise en Sciences Naturelles (pathologie) de l&rsquo;universit\u00e9 de Cambridge, d&rsquo;un Doctorat Honorifique de l&rsquo;Universit\u00e9 de Bradford et est Membre Honoraire du Pembroke College.<\/p>\n<p>L&rsquo;interface sur les droits de l&rsquo;homme entre le gouvernement, les ONG et les entreprises, et le r\u00f4le des initiatives multipartites, a \u00e9t\u00e9 un th\u00e8me r\u00e9current tout au long de la carri\u00e8re de Vicky, et pas seulement au Myanmar. De 2011 \u00e0 2013, Vicky a travaill\u00e9 dans le secteur priv\u00e9, dirigeant l&rsquo;approche politique de la soci\u00e9t\u00e9 mini\u00e8re mondiale Rio Tinto en mati\u00e8re de transparence et de droits de l&rsquo;homme. Au Minist\u00e8re Britannique des Affaires \u00c9trang\u00e8res et du Commonwealth \u00e0 Londres, elle a dirig\u00e9 le d\u00e9partement de l&rsquo;Afrique australe, puis a \u00e9t\u00e9 Directrice des Questions Mondiales et \u00c9conomiques, et \u00e0 Bruxelles, o\u00f9 elle s&rsquo;est occup\u00e9e des droits de l&rsquo;homme et de la d\u00e9mocratie, de l&rsquo;Asie et de l&rsquo;Afrique au sein du Cabinet du Commissaire Europ\u00e9en Chris Patten.<\/p><\/blockquote>\n<\/td>\n<\/tr>\n<\/tbody>\n<\/table>\n<p>Nous avons rencontr\u00e9 Vicky pour discuter de son nouveau r\u00f4le au sein du Conseil d&rsquo;Administration d&rsquo;ICoCA.<\/p>\n<p>&nbsp;<\/p>\n<p><strong>Qu&rsquo;est-ce que le Myanmar Centre for Responsible Business (MCRB)?<\/strong><\/p>\n<div class=\"w-full border-b border-black\/10 dark:border-gray-900\/50 text-gray-800 dark:text-gray-100 group bg-gray-50 dark:bg-[#444654]\">\n<div class=\"text-base gap-4 md:gap-6 m-auto md:max-w-2xl lg:max-w-2xl xl:max-w-3xl p-4 md:py-6 flex lg:px-0\">\n<div class=\"relative flex w-[calc(100%-50px)] flex-col gap-1 md:gap-3 lg:w-[calc(100%-115px)]\">\n<div class=\"flex flex-grow flex-col gap-3\">\n<div class=\"min-h-[20px] flex flex-col items-start gap-4 whitespace-pre-wrap\">\n<p>Nous avons cr\u00e9\u00e9 le MCRB en 2013, \u00e0 un moment o\u00f9 l&rsquo;optimisme \u00e0 l&rsquo;\u00e9gard du Myanmar \u00e9tait grand et o\u00f9 les investisseurs s&rsquo;y installaient apr\u00e8s des d\u00e9cennies d&rsquo;isolement. Les Principes directeurs des Nations Unies relatifs aux Entreprises et aux Droits Humains de 2011 venaient d&rsquo;\u00eatre adopt\u00e9s. Nous avons cr\u00e9\u00e9 le MCRB pour soutenir leur mise en \u0153uvre sur le terrain par les entreprises, le gouvernement et les groupes de la soci\u00e9t\u00e9 civile.<\/p>\n<p>Nous avons notamment invent\u00e9 un nouvel outil, l&rsquo;\u00c9valuation d&rsquo;Impact Sectorielle (Sector Wide Impact Assessment &#8211; SWIA), pour lancer les \u00e9valuations de l&rsquo;incidence sur les droits humains (human rights impact assessments &#8211; HRIA) r\u00e9alis\u00e9es par les entreprises, en mettant en \u00e9vidence les principaux risques pour les droits humains et les recommandations visant \u00e0 les \u00e9viter ou \u00e0 les att\u00e9nuer. Contrairement \u00e0 un HRIA au niveau de l&rsquo;entreprise, les SWIA comprennent \u00e9galement une analyse du cadre juridique et politique, ainsi que des recommandations visant \u00e0 l&rsquo;am\u00e9liorer. Le MCRB a entrepris des SWIA sur le p\u00e9trole et le gaz, l&rsquo;exploitation mini\u00e8re, les Technologies de l&rsquo;Information et de la Communication (TIC), et le tourisme, en menant des recherches sur le terrain dans tout le pays et en obtenant des contributions de la part de groupes de la soci\u00e9t\u00e9 civile, de d\u00e9fenseurs des droits humains et d&rsquo;autres d\u00e9tenteurs de droits.<\/p>\n<p>L&rsquo;une des activit\u00e9s de suivi entreprises par le MCRB a \u00e9t\u00e9 la cr\u00e9ation et le secr\u00e9tariat du <a href=\"https:\/\/www.myanmar-responsiblebusiness.org\/dialogues\/voluntary-principles\/\">groupe de travail national du Myanmar sur les Principes Volontaires en mati\u00e8re de S\u00e9curit\u00e9 et de Droits Humains<\/a>. C&rsquo;est ce qui nous a incit\u00e9s \u00e0 entreprendre une \u00e9valuation de base sur les soci\u00e9t\u00e9s de s\u00e9curit\u00e9 priv\u00e9es, \u00e9tant donn\u00e9 qu&rsquo;il s&rsquo;agissait d&rsquo;une question d&rsquo;int\u00e9r\u00eat commun pour les membres multipartites du groupe.<\/p>\n<p>Apr\u00e8s le coup d&rsquo;\u00c9tat militaire de f\u00e9vrier 2021, nous avons continu\u00e9 \u00e0 fournir un retour d&rsquo;information aux entreprises et \u00e0 les mettre en relation avec les parties prenantes de la soci\u00e9t\u00e9 civile, ainsi qu&rsquo;\u00e0 promouvoir l&rsquo;action collective des entreprises, notamment en mati\u00e8re de transparence. Nous avons finalis\u00e9 et publi\u00e9 <a href=\"https:\/\/www.myanmar-responsiblebusiness.org\/news\/private-security-companies.html\">l&rsquo;\u00e9valuation des Entreprises de S\u00e9curit\u00e9 Priv\u00e9es (ESP) au Myanmar, en anglais, en birman et en chinois<\/a>. Mais l&rsquo;environnement op\u00e9rationnel pour les organisations de la soci\u00e9t\u00e9 civile et les entreprises est devenu tr\u00e8s difficile. Apr\u00e8s mon arrestation en ao\u00fbt 2022, le MCRB a fait profil bas. Nous avons officiellement ferm\u00e9 le bureau de Yangon en d\u00e9cembre 2022, apr\u00e8s ma lib\u00e9ration. Mais nous continuons \u00e0 utiliser nos r\u00e9seaux et nos connaissances pour soutenir au mieux les entreprises responsables. Nous sommes \u00e9galement en contact avec des parties prenantes r\u00e9gionales et internationales qui sont int\u00e9ress\u00e9es par des exemples pratiques de diligence raisonnable en mati\u00e8re de droits humains dans un pays touch\u00e9 par un conflit.<\/p>\n<p>&nbsp;<\/p>\n<p><strong>Qu&rsquo;est-ce qui a motiv\u00e9 le MCRB \u00e0 rejoindre ICoCA en 2020 ?<\/strong><\/p>\n<p>Lorsque nous nous sommes lanc\u00e9s dans l&rsquo;\u00e9valuation de base des ESP au Myanmar \u00e0 la fin de l&rsquo;ann\u00e9e 2019, nous avons tenu \u00e0 nous inspirer des meilleures pratiques et des orientations internationales, tout comme nous l&rsquo;avions fait pour les SWIA. C&rsquo;est ce qui nous a conduits \u00e0 ICoCA. Nous avons d\u00e9cid\u00e9 de structurer notre approche de l&rsquo;\u00e9valuation autour du Code et de <a href=\"https:\/\/icoca.ch\/wp-content\/uploads\/2021\/06\/ICoCA_HRIA_Guidance_A4_WEB1.pdf\">l&rsquo;approche de diligence raisonnable en mati\u00e8re de droits humains d&rsquo;ICoCA<\/a>. Nous avons b\u00e9n\u00e9fici\u00e9 de l&rsquo;apprentissage des \u00e9valuations que d&rsquo;autres membres d&rsquo;ICoCA avaient entreprises, comme <a href=\"http:\/\/observatoire-securite-privee.org\/sites\/default\/files\/kcfinder\/Baseline%20Study_Nigeria_Final.pdf\">l&rsquo;\u00e9tude d&rsquo;AfriLaw sur la gouvernance de la s\u00e9curit\u00e9 priv\u00e9e au Nigeria<\/a> et <a href=\"http:\/\/observatoire-securite-privee.org\/sites\/default\/files\/kcfinder\/Baseline%20Study_Kenya.pdf\">l&rsquo;\u00e9valuation d&rsquo;Usalama Reforms Foum au Kenya<\/a>. Nous avons pens\u00e9 qu&rsquo;en rejoignant ICoCA, nous pourrions \u00e0 la fois apprendre des autres pays et pr\u00e9senter notre travail.<\/p>\n<p>&nbsp;<\/p>\n<p><strong>Pourquoi avez-vous d\u00e9cid\u00e9 de rejoindre le Conseil d&rsquo;Administration d&rsquo;ICoCA ?<\/strong><\/p>\n<p>Maintenant que je suis bas\u00e9e \u00e0 Londres et que je ne travaille qu&rsquo;\u00e0 temps partiel pour le MCRB, je cherche \u00e0 assumer un portefeuille de r\u00f4les non ex\u00e9cutifs et de Conseils d&rsquo;Administration. Je m&rsquo;int\u00e9resse \u00e0 la gouvernance d&rsquo;entreprise, qu&rsquo;il s&rsquo;agisse d&rsquo;entreprises &#8211; un domaine sur lequel travaille le MCRB &#8211; ou d&rsquo;organisations \u00e0 but non lucratif, et j&rsquo;ai \u00e9t\u00e9 membre fondateur du conseil d&rsquo;administration du Myanmar Institute of Directors (Institut des Directeurs du Myanmar).<\/p>\n<p>Par l&rsquo;interm\u00e9diaire de l&rsquo;Institute for Human Rights and Business, je participe \u00e9galement \u00e0 d&rsquo;autres initiatives multipartites sur les entreprises et les droits humains qui sont pertinentes pour ICoCA, telles que l&rsquo;Initiative des Principes Volontaires, ainsi que les exigences relatives \u00e0 la diligence raisonnable obligatoire en mati\u00e8re de droits de l&rsquo;homme dans les cha\u00eenes d&rsquo;approvisionnement. Il y a \u00e9norm\u00e9ment d&rsquo;initiatives, et il peut \u00eatre difficile pour toutes les parties prenantes sur le terrain de les comprendre au niveau national. Par l&rsquo;interm\u00e9diaire du Conseil d&rsquo;Administration d&rsquo;ICoCA, j&rsquo;aimerais travailler avec d&rsquo;autres initiatives pour veiller \u00e0 ce qu&rsquo;elles soient synergiques plut\u00f4t que redondantes et pour combler les \u00e9ventuelles lacunes.<\/p>\n<p>&nbsp;<\/p>\n<p><strong>En quoi la mission d&rsquo;ICoCA r\u00e9sonne-t-elle avec vous ?<\/strong><\/p>\n<p>L&rsquo;objectif d&rsquo;ICoCA, \u00e0 savoir <em>\u00ab\u00a0\u00e9lever les normes et les pratiques du secteur de la s\u00e9curit\u00e9 priv\u00e9e dans le respect des droits humains et du droit humanitaire international et s&rsquo;engager avec les principales parties prenantes pour parvenir \u00e0 une adh\u00e9sion g\u00e9n\u00e9ralis\u00e9e \u00e0 son code \u00e0 l&rsquo;\u00e9chelle mondiale\u00a0\u00bb<\/em>, est tout \u00e0 fait conforme au travail que nous avons effectu\u00e9 au Myanmar. Il est important que la r\u00e9glementation et le comportement des entreprises soient align\u00e9s sur les normes internationales. Mais la mise en \u0153uvre doit s&rsquo;appuyer sur le contexte national, que l&rsquo;on comprend mieux en discutant avec les parties prenantes locales.<\/p>\n<p>L&rsquo;\u00e9valuation m&rsquo;a permis de m&rsquo;int\u00e9resser de plus en plus au secteur de la s\u00e9curit\u00e9 priv\u00e9e. Je me suis rendu compte que, bien que l&rsquo;accent soit souvent mis sur l&rsquo;impact des gardes sur les droits humains, l&rsquo;organisation ne devrait jamais perdre de vue les droits du personnel de s\u00e9curit\u00e9 lui-m\u00eame. Notre \u00e9tude au Myanmar a r\u00e9v\u00e9l\u00e9 que la violation des droits humains la plus courante concernait les conditions de travail du personnel de s\u00e9curit\u00e9, en particulier les salaires. Cette situation s&rsquo;explique par la concurrence pour obtenir des contrats de la part des clients, dont les d\u00e9cisions sont principalement prises en fonction du co\u00fbt plut\u00f4t que de la qualit\u00e9. Je me souviens d&rsquo;un commentaire d&rsquo;un webinaire d&rsquo;ICoCA sur l&rsquo;\u00e9tude du Kenya, o\u00f9 l&rsquo;on soulignait que tant que les droits des agents de s\u00e9curit\u00e9 ne seront pas respect\u00e9s par leurs employeurs, il sera difficile d&rsquo;attendre d&rsquo;eux qu&rsquo;ils respectent les droits d&rsquo;autrui.<\/p>\n<p>Dans ce contexte, j&rsquo;ai \u00e9t\u00e9 fascin\u00e9e par <a href=\"https:\/\/pilvitakala.com\/close-watch\">Close Watch, de l&rsquo;artiste finlandaise Pilvi Takala<\/a>, qui a suivi une formation d&rsquo;agent de s\u00e9curit\u00e9 pour travailler pour Securitas en Finlande, afin d&rsquo;utiliser sa pratique artistique pour <em>\u00ab\u00a0faire la lumi\u00e8re sur une main-d&rsquo;\u0153uvre sous-pay\u00e9e, sous-\u00e9valu\u00e9e et sous-r\u00e9glement\u00e9e dans laquelle les agents doivent faire face \u00e0 des dilemmes \u00e9thiques pour travailler de mani\u00e8re responsable dans des r\u00f4les appris presque enti\u00e8rement sur le tas et transmis par des coll\u00e8gues plus \u00e2g\u00e9s\u00a0\u00bb<\/em>. Elle a r\u00e9alis\u00e9 une installation vid\u00e9o qui repr\u00e9sentait la Finlande \u00e0 la Biennale de Venise 2022 et qui soulignait la complexit\u00e9 du r\u00f4le d&rsquo;un agent de s\u00e9curit\u00e9.<\/p>\n<p>&nbsp;<\/p>\n<p><strong>Compte tenu de votre participation \u00e0 la r\u00e9solution des conflits et des probl\u00e8mes de droits humains au Myanmar, quels sont, selon vous, les principaux probl\u00e8mes qui se profilent \u00e0 l&rsquo;horizon en ce qui concerne la promotion d&rsquo;une s\u00e9curit\u00e9 priv\u00e9e responsable et l&rsquo;obligation de rendre des comptes en cas d&rsquo;abus ?<\/strong><\/p>\n<p>Une chose que nous avons observ\u00e9e, en particulier apr\u00e8s le coup d&rsquo;\u00c9tat dans un environnement politique tr\u00e8s polaris\u00e9, c&rsquo;est que les m\u00e9dias sociaux peuvent renforcer la responsabilit\u00e9 et sensibiliser les entreprises aux risques. M\u00eame des infractions mineures commises par des agents de s\u00e9curit\u00e9 priv\u00e9s peuvent \u00eatre document\u00e9es et t\u00e9l\u00e9charg\u00e9es sur les m\u00e9dias sociaux, avec un impact s\u00e9rieux sur les r\u00e9sultats de l&rsquo;entreprise. Cela incite les entreprises \u00e0 s&rsquo;assurer que les gardes sont form\u00e9s pour faire face \u00e0 des sc\u00e9narios potentiels. En octobre 2021, des agents de s\u00e9curit\u00e9, au lieu d&rsquo;escorter discr\u00e8tement des manifestants antimilitaristes qui distribuaient des tracts par la porte arri\u00e8re d&rsquo;un centre commercial &#8211; comme leurs protocoles \u00e9taient apparemment cens\u00e9s l&rsquo;exiger &#8211; ont tent\u00e9 de les appr\u00e9hender. Ce fait a \u00e9t\u00e9 document\u00e9 par de nombreux acheteurs et mis en ligne. Le boycott du centre commercial qui en a r\u00e9sult\u00e9 et la perte de locataires dans l&rsquo;immeuble de bureaux connexe ont servi de le\u00e7on non seulement \u00e0 Myanmar Plaza, mais aussi \u00e0 d&rsquo;autres entreprises.<\/p>\n<p>Au Myanmar, c&rsquo;est lorsque la s\u00e9curit\u00e9 priv\u00e9e est en contact avec les forces de s\u00e9curit\u00e9 publique que les risques pour les droits humains sont les plus \u00e9lev\u00e9s et que les entreprises risquent d&rsquo;enfreindre le droit humanitaire international. Ce que nous avons observ\u00e9 dans notre \u00e9valuation de base, c&rsquo;est que les entreprises \u00e9taient tr\u00e8s pr\u00e9occup\u00e9es par le risque de d\u00e9putation formelle ou informelle de leurs agents de s\u00e9curit\u00e9 dans les zones de conflit, m\u00eame avant le coup d&rsquo;\u00c9tat. En d&rsquo;autres termes, elles craignaient que les agents de s\u00e9curit\u00e9 priv\u00e9s &#8211; dont certains sont d&rsquo;anciens militaires ou policiers &#8211; soient sollicit\u00e9s ou approch\u00e9s pour aider les forces de s\u00e9curit\u00e9 publiques dans leur r\u00e9pression des groupes d&rsquo;opposition. M\u00eame si ce risque ne s&rsquo;est pas concr\u00e9tis\u00e9 pour la plupart des entreprises, il sera tr\u00e8s difficile de le g\u00e9rer dans les r\u00e9gions o\u00f9 il est r\u00e9el. Pour certaines entreprises, la seule option, si elles sont bas\u00e9es dans une zone de conflit aigu, est de quitter le Myanmar.<\/p>\n<p>&nbsp;<\/p>\n<p><strong>\u00c0 l&rsquo;approche du dixi\u00e8me anniversaire d&rsquo;ICoCA, quels sont les d\u00e9fis et les opportunit\u00e9s pour l&rsquo;Association dans les ann\u00e9es \u00e0 venir ?<\/strong><\/p>\n<p>Je pense que l&rsquo;interface entre la s\u00e9curit\u00e9 priv\u00e9e et les TIC sera de plus en plus prise en compte, y compris les impacts de la surveillance et de l&rsquo;intelligence artificielle sur les droits \u00e0 la vie priv\u00e9e, \u00e0 la libert\u00e9 d&rsquo;expression et \u00e0 la non-discrimination. J&rsquo;ai h\u00e2te d&rsquo;\u00eatre impliqu\u00e9 dans la fa\u00e7on dont ICoCA fait avancer le travail avec ICT4Peace pour d\u00e9velopper une bo\u00eete \u00e0 outils et des conseils pour l&rsquo;utilisation responsable des TIC dans les services de s\u00e9curit\u00e9 priv\u00e9s, en s&rsquo;appuyant sur <a href=\"https:\/\/ict4peace.org\/activities\/responsible-use-of-icts-in-private-security-service-a-toolkit-for-companies\/\">l&rsquo;\u00c9tude de Cartographie<\/a> r\u00e9cemment publi\u00e9e par ICT4Peace.<\/p>\n<p>Le passage \u00e0 une diligence raisonnable obligatoire en mati\u00e8re de droits humains dans les cha\u00eenes d&rsquo;approvisionnement devrait inciter les entreprises \u00e0 veiller \u00e0 ce que la s\u00e9curit\u00e9 priv\u00e9e dans leur cha\u00eene d&rsquo;approvisionnement soit mieux form\u00e9e et mieux g\u00e9r\u00e9e. Les Membres Certifi\u00e9s d&rsquo;ICoCA devraient \u00eatre bien plac\u00e9s pour en b\u00e9n\u00e9ficier. Le <a href=\"https:\/\/www.ohchr.org\/en\/hr-bodies\/hrc\/pms-cs\/igwg-index1#:~:text=On%2028%20September%202017%2C%20the,to%20protect%20human%20rights%20and\">\u00ab\u00a0Groupe de Travail Intergouvernemental \u00e0 Composition non Limit\u00e9e charg\u00e9 d&rsquo;\u00e9laborer le contenu d&rsquo;un cadre r\u00e9glementaire international relatif aux activit\u00e9s des soci\u00e9t\u00e9s militaires et de s\u00e9curit\u00e9 priv\u00e9es\u00a0\u00bb<\/a> des Nations Unies constituera probablement une opportunit\u00e9 \u00e0 long terme pour ICoCA s&rsquo;il conduit \u00e0 l&rsquo;am\u00e9lioration des cadres r\u00e9glementaires nationaux pour les soci\u00e9t\u00e9s militaires et de s\u00e9curit\u00e9 priv\u00e9es dans le sens de la protection des droits humains. Toutefois, on ne sait pas exactement comment cela \u00e9voluera.<\/p>\n<p>Les tensions entre les gouvernements qui sont visibles autour de ce travail de l&rsquo;ONU sont le reflet d&rsquo;un \u00ab\u00a0d\u00e9couplage\u00a0\u00bb mondial plus large qui constitue un risque g\u00e9opolitique pour ICoCA. ICoCA doit se positionner comme une organisation utile pour les entreprises au niveau mondial, y compris avec davantage de mat\u00e9riel en langue chinoise.\u00a0Notre \u00e9valuation des ESP du Myanmar a \u00e9t\u00e9 aimablement <a href=\"https:\/\/www.myanmar-responsiblebusiness.org\/components\/com_content\/plugins\/download\/includes\/dl.php?c=VjECLAtjBGdQNlV+AD8GKFFmBXwALVZnUT4CZwM0DzsCY1ZlVzZUbw==&amp;m=0\">traduite en chinois<\/a> par l&rsquo;Institut International de Recherche Logistique pour l&rsquo;Asie du Sud et l&rsquo;Asie du Sud-Est de Kunming (SSILR) et a \u00e9t\u00e9 t\u00e9l\u00e9charg\u00e9e encore plus que la version anglaise. Elle fait souvent r\u00e9f\u00e9rence \u00e0 ICoCA, et j&rsquo;esp\u00e8re qu&rsquo;elle aura contribu\u00e9, dans une certaine mesure, \u00e0 am\u00e9liorer le profil de l&rsquo;Association en Asie de l&rsquo;Est.<\/p>\n<\/div>\n<\/div>\n<\/div>\n<\/div>\n<\/div>\n","protected":false},"excerpt":{"rendered":"<p>Le Conseil d\u2019Administration d\u2019ICoCA a le plaisir d\u2019annoncer que Vicky Bowman est une nouvelle Directrice du Conseil d\u2019Administration repr\u00e9sentant le Pilier OSC, \u00e9lue en ao\u00fbt 2023. Vicky Bowman CMG a pass\u00e9 pr\u00e8s de la moiti\u00e9 de sa carri\u00e8re \u00e0 vivre au Myanmar, dont deux affectations en tant que diplomate britannique, et dix ans \u00e0 cr\u00e9er [&hellip;]<\/p>\n","protected":false},"author":5,"featured_media":0,"comment_status":"closed","ping_status":"closed","sticky":false,"template":"","format":"standard","meta":{"_acf_changed":false,"give_campaign_id":0,"footnotes":""},"categories":[21],"class_list":["post-14744","post","type-post","status-publish","format-standard","hentry","category-profile_fr"],"acf":[],"yoast_head":"<!-- This site is optimized with the Yoast SEO plugin v26.5 - https:\/\/yoast.com\/wordpress\/plugins\/seo\/ -->\n<title>NOUVELLE DIRECTRICE DU CONSEIL D\u2019ADMINISTRATION : VICKY BOWMAN - ICoCA - International Code of Conduct Association<\/title>\n<meta name=\"robots\" content=\"index, follow, max-snippet:-1, max-image-preview:large, max-video-preview:-1\" \/>\n<link rel=\"canonical\" href=\"https:\/\/icoca.ch\/fr\/2023\/08\/28\/new-board-director-vicky-bowman\/\" \/>\n<meta property=\"og:locale\" content=\"fr_FR\" \/>\n<meta property=\"og:type\" content=\"article\" \/>\n<meta property=\"og:title\" content=\"NOUVELLE DIRECTRICE DU CONSEIL D\u2019ADMINISTRATION : VICKY BOWMAN - ICoCA - International Code of Conduct Association\" \/>\n<meta property=\"og:description\" content=\"Le Conseil d\u2019Administration d\u2019ICoCA a le plaisir d\u2019annoncer que Vicky Bowman est une nouvelle Directrice du Conseil d\u2019Administration repr\u00e9sentant le Pilier OSC, \u00e9lue en ao\u00fbt 2023. Vicky Bowman CMG a pass\u00e9 pr\u00e8s de la moiti\u00e9 de sa carri\u00e8re \u00e0 vivre au Myanmar, dont deux affectations en tant que diplomate britannique, et dix ans \u00e0 cr\u00e9er [&hellip;]\" \/>\n<meta property=\"og:url\" content=\"https:\/\/icoca.ch\/fr\/2023\/08\/28\/new-board-director-vicky-bowman\/\" \/>\n<meta property=\"og:site_name\" content=\"ICoCA - International Code of Conduct Association\" \/>\n<meta property=\"article:published_time\" content=\"2023-08-28T15:31:27+00:00\" \/>\n<meta property=\"article:modified_time\" content=\"2024-01-22T13:13:32+00:00\" \/>\n<meta property=\"og:image\" content=\"https:\/\/icoca.ch\/wp-content\/uploads\/2023\/08\/Vicky-Bowman-Website-Picture-Frame-1024x935.jpg\" \/>\n<meta name=\"author\" content=\"Florie Barbotte\" \/>\n<meta name=\"twitter:card\" content=\"summary_large_image\" \/>\n<meta name=\"twitter:label1\" content=\"\u00c9crit par\" \/>\n\t<meta name=\"twitter:data1\" content=\"Florie Barbotte\" \/>\n\t<meta name=\"twitter:label2\" content=\"Dur\u00e9e de lecture estim\u00e9e\" \/>\n\t<meta name=\"twitter:data2\" content=\"9 minutes\" \/>\n<script type=\"application\/ld+json\" class=\"yoast-schema-graph\">{\"@context\":\"https:\/\/schema.org\",\"@graph\":[{\"@type\":\"Article\",\"@id\":\"https:\/\/icoca.ch\/fr\/2023\/08\/28\/new-board-director-vicky-bowman\/#article\",\"isPartOf\":{\"@id\":\"https:\/\/icoca.ch\/fr\/2023\/08\/28\/new-board-director-vicky-bowman\/\"},\"author\":{\"name\":\"Florie Barbotte\",\"@id\":\"https:\/\/icoca.ch\/fr\/#\/schema\/person\/65c3a9120bc8e860952e2b60d65a9b32\"},\"headline\":\"NOUVELLE DIRECTRICE DU CONSEIL D\u2019ADMINISTRATION : VICKY BOWMAN\",\"datePublished\":\"2023-08-28T15:31:27+00:00\",\"dateModified\":\"2024-01-22T13:13:32+00:00\",\"mainEntityOfPage\":{\"@id\":\"https:\/\/icoca.ch\/fr\/2023\/08\/28\/new-board-director-vicky-bowman\/\"},\"wordCount\":2547,\"publisher\":{\"@id\":\"https:\/\/icoca.ch\/fr\/#organization\"},\"image\":{\"@id\":\"https:\/\/icoca.ch\/fr\/2023\/08\/28\/new-board-director-vicky-bowman\/#primaryimage\"},\"thumbnailUrl\":\"https:\/\/icoca.ch\/wp-content\/uploads\/2023\/08\/Vicky-Bowman-Website-Picture-Frame-1024x935.jpg\",\"articleSection\":[\"Profil\"],\"inLanguage\":\"fr-FR\"},{\"@type\":\"WebPage\",\"@id\":\"https:\/\/icoca.ch\/fr\/2023\/08\/28\/new-board-director-vicky-bowman\/\",\"url\":\"https:\/\/icoca.ch\/fr\/2023\/08\/28\/new-board-director-vicky-bowman\/\",\"name\":\"NOUVELLE DIRECTRICE DU CONSEIL D\u2019ADMINISTRATION : VICKY BOWMAN - ICoCA - International Code of Conduct Association\",\"isPartOf\":{\"@id\":\"https:\/\/icoca.ch\/fr\/#website\"},\"primaryImageOfPage\":{\"@id\":\"https:\/\/icoca.ch\/fr\/2023\/08\/28\/new-board-director-vicky-bowman\/#primaryimage\"},\"image\":{\"@id\":\"https:\/\/icoca.ch\/fr\/2023\/08\/28\/new-board-director-vicky-bowman\/#primaryimage\"},\"thumbnailUrl\":\"https:\/\/icoca.ch\/wp-content\/uploads\/2023\/08\/Vicky-Bowman-Website-Picture-Frame-1024x935.jpg\",\"datePublished\":\"2023-08-28T15:31:27+00:00\",\"dateModified\":\"2024-01-22T13:13:32+00:00\",\"breadcrumb\":{\"@id\":\"https:\/\/icoca.ch\/fr\/2023\/08\/28\/new-board-director-vicky-bowman\/#breadcrumb\"},\"inLanguage\":\"fr-FR\",\"potentialAction\":[{\"@type\":\"ReadAction\",\"target\":[\"https:\/\/icoca.ch\/fr\/2023\/08\/28\/new-board-director-vicky-bowman\/\"]}]},{\"@type\":\"ImageObject\",\"inLanguage\":\"fr-FR\",\"@id\":\"https:\/\/icoca.ch\/fr\/2023\/08\/28\/new-board-director-vicky-bowman\/#primaryimage\",\"url\":\"https:\/\/icoca.ch\/wp-content\/uploads\/2023\/08\/Vicky-Bowman-Website-Picture-Frame-1024x935.jpg\",\"contentUrl\":\"https:\/\/icoca.ch\/wp-content\/uploads\/2023\/08\/Vicky-Bowman-Website-Picture-Frame-1024x935.jpg\"},{\"@type\":\"BreadcrumbList\",\"@id\":\"https:\/\/icoca.ch\/fr\/2023\/08\/28\/new-board-director-vicky-bowman\/#breadcrumb\",\"itemListElement\":[{\"@type\":\"ListItem\",\"position\":1,\"name\":\"Home\",\"item\":\"https:\/\/icoca.ch\/fr\/\"},{\"@type\":\"ListItem\",\"position\":2,\"name\":\"NOUVELLE DIRECTRICE DU CONSEIL D\u2019ADMINISTRATION : VICKY BOWMAN\"}]},{\"@type\":\"WebSite\",\"@id\":\"https:\/\/icoca.ch\/fr\/#website\",\"url\":\"https:\/\/icoca.ch\/fr\/\",\"name\":\"ICoCA - International Code of Conduct Association\",\"description\":\"Promoting responsible private security\",\"publisher\":{\"@id\":\"https:\/\/icoca.ch\/fr\/#organization\"},\"potentialAction\":[{\"@type\":\"SearchAction\",\"target\":{\"@type\":\"EntryPoint\",\"urlTemplate\":\"https:\/\/icoca.ch\/fr\/?s={search_term_string}\"},\"query-input\":{\"@type\":\"PropertyValueSpecification\",\"valueRequired\":true,\"valueName\":\"search_term_string\"}}],\"inLanguage\":\"fr-FR\"},{\"@type\":\"Organization\",\"@id\":\"https:\/\/icoca.ch\/fr\/#organization\",\"name\":\"ICoCA - International Code of Conduct Association\",\"url\":\"https:\/\/icoca.ch\/fr\/\",\"logo\":{\"@type\":\"ImageObject\",\"inLanguage\":\"fr-FR\",\"@id\":\"https:\/\/icoca.ch\/fr\/#\/schema\/logo\/image\/\",\"url\":\"https:\/\/icoca.ch\/wp-content\/uploads\/2024\/05\/ICoCA_2022_Full-White-Text@3x.png\",\"contentUrl\":\"https:\/\/icoca.ch\/wp-content\/uploads\/2024\/05\/ICoCA_2022_Full-White-Text@3x.png\",\"width\":9588,\"height\":4297,\"caption\":\"ICoCA - International Code of Conduct Association\"},\"image\":{\"@id\":\"https:\/\/icoca.ch\/fr\/#\/schema\/logo\/image\/\"}},{\"@type\":\"Person\",\"@id\":\"https:\/\/icoca.ch\/fr\/#\/schema\/person\/65c3a9120bc8e860952e2b60d65a9b32\",\"name\":\"Florie Barbotte\"}]}<\/script>\n<!-- \/ Yoast SEO plugin. -->","yoast_head_json":{"title":"NOUVELLE DIRECTRICE DU CONSEIL D\u2019ADMINISTRATION : VICKY BOWMAN - ICoCA - International Code of Conduct Association","robots":{"index":"index","follow":"follow","max-snippet":"max-snippet:-1","max-image-preview":"max-image-preview:large","max-video-preview":"max-video-preview:-1"},"canonical":"https:\/\/icoca.ch\/fr\/2023\/08\/28\/new-board-director-vicky-bowman\/","og_locale":"fr_FR","og_type":"article","og_title":"NOUVELLE DIRECTRICE DU CONSEIL D\u2019ADMINISTRATION : VICKY BOWMAN - ICoCA - International Code of Conduct Association","og_description":"Le Conseil d\u2019Administration d\u2019ICoCA a le plaisir d\u2019annoncer que Vicky Bowman est une nouvelle Directrice du Conseil d\u2019Administration repr\u00e9sentant le Pilier OSC, \u00e9lue en ao\u00fbt 2023. Vicky Bowman CMG a pass\u00e9 pr\u00e8s de la moiti\u00e9 de sa carri\u00e8re \u00e0 vivre au Myanmar, dont deux affectations en tant que diplomate britannique, et dix ans \u00e0 cr\u00e9er [&hellip;]","og_url":"https:\/\/icoca.ch\/fr\/2023\/08\/28\/new-board-director-vicky-bowman\/","og_site_name":"ICoCA - International Code of Conduct Association","article_published_time":"2023-08-28T15:31:27+00:00","article_modified_time":"2024-01-22T13:13:32+00:00","og_image":[{"url":"https:\/\/icoca.ch\/wp-content\/uploads\/2023\/08\/Vicky-Bowman-Website-Picture-Frame-1024x935.jpg","type":"","width":"","height":""}],"author":"Florie Barbotte","twitter_card":"summary_large_image","twitter_misc":{"\u00c9crit par":"Florie Barbotte","Dur\u00e9e de lecture estim\u00e9e":"9 minutes"},"schema":{"@context":"https:\/\/schema.org","@graph":[{"@type":"Article","@id":"https:\/\/icoca.ch\/fr\/2023\/08\/28\/new-board-director-vicky-bowman\/#article","isPartOf":{"@id":"https:\/\/icoca.ch\/fr\/2023\/08\/28\/new-board-director-vicky-bowman\/"},"author":{"name":"Florie Barbotte","@id":"https:\/\/icoca.ch\/fr\/#\/schema\/person\/65c3a9120bc8e860952e2b60d65a9b32"},"headline":"NOUVELLE DIRECTRICE DU CONSEIL D\u2019ADMINISTRATION : VICKY BOWMAN","datePublished":"2023-08-28T15:31:27+00:00","dateModified":"2024-01-22T13:13:32+00:00","mainEntityOfPage":{"@id":"https:\/\/icoca.ch\/fr\/2023\/08\/28\/new-board-director-vicky-bowman\/"},"wordCount":2547,"publisher":{"@id":"https:\/\/icoca.ch\/fr\/#organization"},"image":{"@id":"https:\/\/icoca.ch\/fr\/2023\/08\/28\/new-board-director-vicky-bowman\/#primaryimage"},"thumbnailUrl":"https:\/\/icoca.ch\/wp-content\/uploads\/2023\/08\/Vicky-Bowman-Website-Picture-Frame-1024x935.jpg","articleSection":["Profil"],"inLanguage":"fr-FR"},{"@type":"WebPage","@id":"https:\/\/icoca.ch\/fr\/2023\/08\/28\/new-board-director-vicky-bowman\/","url":"https:\/\/icoca.ch\/fr\/2023\/08\/28\/new-board-director-vicky-bowman\/","name":"NOUVELLE DIRECTRICE DU CONSEIL D\u2019ADMINISTRATION : VICKY BOWMAN - ICoCA - International Code of Conduct Association","isPartOf":{"@id":"https:\/\/icoca.ch\/fr\/#website"},"primaryImageOfPage":{"@id":"https:\/\/icoca.ch\/fr\/2023\/08\/28\/new-board-director-vicky-bowman\/#primaryimage"},"image":{"@id":"https:\/\/icoca.ch\/fr\/2023\/08\/28\/new-board-director-vicky-bowman\/#primaryimage"},"thumbnailUrl":"https:\/\/icoca.ch\/wp-content\/uploads\/2023\/08\/Vicky-Bowman-Website-Picture-Frame-1024x935.jpg","datePublished":"2023-08-28T15:31:27+00:00","dateModified":"2024-01-22T13:13:32+00:00","breadcrumb":{"@id":"https:\/\/icoca.ch\/fr\/2023\/08\/28\/new-board-director-vicky-bowman\/#breadcrumb"},"inLanguage":"fr-FR","potentialAction":[{"@type":"ReadAction","target":["https:\/\/icoca.ch\/fr\/2023\/08\/28\/new-board-director-vicky-bowman\/"]}]},{"@type":"ImageObject","inLanguage":"fr-FR","@id":"https:\/\/icoca.ch\/fr\/2023\/08\/28\/new-board-director-vicky-bowman\/#primaryimage","url":"https:\/\/icoca.ch\/wp-content\/uploads\/2023\/08\/Vicky-Bowman-Website-Picture-Frame-1024x935.jpg","contentUrl":"https:\/\/icoca.ch\/wp-content\/uploads\/2023\/08\/Vicky-Bowman-Website-Picture-Frame-1024x935.jpg"},{"@type":"BreadcrumbList","@id":"https:\/\/icoca.ch\/fr\/2023\/08\/28\/new-board-director-vicky-bowman\/#breadcrumb","itemListElement":[{"@type":"ListItem","position":1,"name":"Home","item":"https:\/\/icoca.ch\/fr\/"},{"@type":"ListItem","position":2,"name":"NOUVELLE DIRECTRICE DU CONSEIL D\u2019ADMINISTRATION : VICKY BOWMAN"}]},{"@type":"WebSite","@id":"https:\/\/icoca.ch\/fr\/#website","url":"https:\/\/icoca.ch\/fr\/","name":"ICoCA - International Code of Conduct Association","description":"Promoting responsible private security","publisher":{"@id":"https:\/\/icoca.ch\/fr\/#organization"},"potentialAction":[{"@type":"SearchAction","target":{"@type":"EntryPoint","urlTemplate":"https:\/\/icoca.ch\/fr\/?s={search_term_string}"},"query-input":{"@type":"PropertyValueSpecification","valueRequired":true,"valueName":"search_term_string"}}],"inLanguage":"fr-FR"},{"@type":"Organization","@id":"https:\/\/icoca.ch\/fr\/#organization","name":"ICoCA - International Code of Conduct Association","url":"https:\/\/icoca.ch\/fr\/","logo":{"@type":"ImageObject","inLanguage":"fr-FR","@id":"https:\/\/icoca.ch\/fr\/#\/schema\/logo\/image\/","url":"https:\/\/icoca.ch\/wp-content\/uploads\/2024\/05\/ICoCA_2022_Full-White-Text@3x.png","contentUrl":"https:\/\/icoca.ch\/wp-content\/uploads\/2024\/05\/ICoCA_2022_Full-White-Text@3x.png","width":9588,"height":4297,"caption":"ICoCA - International Code of Conduct Association"},"image":{"@id":"https:\/\/icoca.ch\/fr\/#\/schema\/logo\/image\/"}},{"@type":"Person","@id":"https:\/\/icoca.ch\/fr\/#\/schema\/person\/65c3a9120bc8e860952e2b60d65a9b32","name":"Florie Barbotte"}]}},"category_names":["Profil"],"news_thumbnail_url":"https:\/\/icoca.ch\/wp-content\/uploads\/2023\/08\/Vicky-Bowman-Thumbnail-News-List.png","date_string":"28\/08\/2023","_links":{"self":[{"href":"https:\/\/icoca.ch\/fr\/wp-json\/wp\/v2\/posts\/14744","targetHints":{"allow":["GET"]}}],"collection":[{"href":"https:\/\/icoca.ch\/fr\/wp-json\/wp\/v2\/posts"}],"about":[{"href":"https:\/\/icoca.ch\/fr\/wp-json\/wp\/v2\/types\/post"}],"author":[{"embeddable":true,"href":"https:\/\/icoca.ch\/fr\/wp-json\/wp\/v2\/users\/5"}],"replies":[{"embeddable":true,"href":"https:\/\/icoca.ch\/fr\/wp-json\/wp\/v2\/comments?post=14744"}],"version-history":[{"count":0,"href":"https:\/\/icoca.ch\/fr\/wp-json\/wp\/v2\/posts\/14744\/revisions"}],"wp:attachment":[{"href":"https:\/\/icoca.ch\/fr\/wp-json\/wp\/v2\/media?parent=14744"}],"wp:term":[{"taxonomy":"category","embeddable":true,"href":"https:\/\/icoca.ch\/fr\/wp-json\/wp\/v2\/categories?post=14744"}],"curies":[{"name":"wp","href":"https:\/\/api.w.org\/{rel}","templated":true}]}}