{"id":70136,"date":"2025-01-21T09:57:00","date_gmt":"2025-01-21T09:57:00","guid":{"rendered":"https:\/\/icoca.ch\/2025\/01\/21\/nuevo-miembro-del-consejo-de-administracion-didier-ranchon\/"},"modified":"2026-02-17T11:49:31","modified_gmt":"2026-02-17T11:49:31","slug":"new-board-director-didier-ranchon","status":"publish","type":"post","link":"https:\/\/icoca.ch\/es\/2025\/01\/21\/new-board-director-didier-ranchon\/","title":{"rendered":"NUEVO MIEMBRO DEL CONSEJO DE ADMINISTRACI\u00d3N: DIDIER RANCHON"},"content":{"rendered":"<h4 style=\"text-align: center;\">El Consejo de Administraci\u00f3n de ICoCA se enorgullece de anunciar la elecci\u00f3n de Didier Ranchon como nuevo miembro del Consejo en el Pilar Industrial, con efecto a partir de enero de 2025.<\/h4>\n<table style=\"border-collapse: collapse; width: 100%;\">\n<tbody>\n<tr>\n<td style=\"width: 36.2159%;\"><img loading=\"lazy\" decoding=\"async\" class=\"alignnone wp-image-69224 size-large\" src=\"https:\/\/icoca.ch\/wp-content\/uploads\/2025\/07\/Didier-Ranchon-Website-Picture-Frame-1024x935.jpg\" alt=\"\" width=\"640\" height=\"584\" srcset=\"https:\/\/icoca.ch\/wp-content\/uploads\/2025\/07\/Didier-Ranchon-Website-Picture-Frame-1024x935.jpg 1024w, https:\/\/icoca.ch\/wp-content\/uploads\/2025\/07\/Didier-Ranchon-Website-Picture-Frame-300x274.jpg 300w, https:\/\/icoca.ch\/wp-content\/uploads\/2025\/07\/Didier-Ranchon-Website-Picture-Frame-768x701.jpg 768w, https:\/\/icoca.ch\/wp-content\/uploads\/2025\/07\/Didier-Ranchon-Website-Picture-Frame-365x333.jpg 365w, https:\/\/icoca.ch\/wp-content\/uploads\/2025\/07\/Didier-Ranchon-Website-Picture-Frame.jpg 1286w\" sizes=\"auto, (max-width: 640px) 100vw, 640px\" \/><\/td>\n<td style=\"width: 63.7841%;\">\n<blockquote><p><strong>Didier Ranchon <\/strong>es un l\u00edder experimentado con m\u00e1s de 30 a\u00f1os de experiencia en el servicio p\u00fablico, la seguridad institucional y la gesti\u00f3n de riesgos en el sector privado. Su carrera comenz\u00f3 en el Ministerio del Interior de Francia, donde se especializ\u00f3 en la lucha contra el crimen organizado y las redes internacionales. Tambi\u00e9n adquiri\u00f3 una valiosa experiencia en el Quai d&#8217;Orsay, trabajando en el Centro de Crisis y Apoyo del Ministerio de Europa y Asuntos Exteriores de Francia, lo que fortaleci\u00f3 a\u00fan m\u00e1s su experiencia en gesti\u00f3n de crisis y cooperaci\u00f3n internacional.<\/p>\n<p>M\u00e1s tarde, el Sr. Ranchon hizo la transici\u00f3n al sector privado, ocupando roles de liderazgo en GEOS, GardaWorld y ahora AMARANTE. A lo largo de su trayectoria, ha priorizado constantemente las pr\u00e1cticas \u00e9ticas, la excelencia operativa y la promoci\u00f3n de la colaboraci\u00f3n entre entidades p\u00fablicas y privadas.<\/p><\/blockquote>\n<\/td>\n<\/tr>\n<\/tbody>\n<\/table>\n<p>Tuvimos una conversaci\u00f3n con el Sr. Ranchon para hablar sobre su nuevo puesto en el Consejo de Administraci\u00f3n de ICoCA.<\/p>\n<p>&nbsp;<\/p>\n<p><strong>\u00bfQu\u00e9 implica su trabajo en AMARANTE?<\/strong><\/p>\n<div class=\"w-full border-b border-black\/10 dark:border-gray-900\/50 text-gray-800 dark:text-gray-100 group bg-gray-50 dark:bg-[#444654]\">\n<div class=\"text-base gap-4 md:gap-6 m-auto md:max-w-2xl lg:max-w-2xl xl:max-w-3xl p-4 md:py-6 flex lg:px-0\">\n<div class=\"relative flex w-[calc(100%-50px)] flex-col gap-1 md:gap-3 lg:w-[calc(100%-115px)]\">\n<div class=\"flex flex-grow flex-col gap-3\">\n<div class=\"min-h-[20px] flex flex-col items-start gap-4 whitespace-pre-wrap\">\n<p>Desde 2017, me he dedicado a avanzar la presencia de AMARANTE en los mercados institucionales, inicialmente como Asesor Estrat\u00e9gico del Presidente y, desde 2019, como Vicepresidente de Asuntos Institucionales. En 2023, fui nombrado Director General Adjunto del departamento de Desarrollo de Negocios y Estrategias, consolidando a\u00fan m\u00e1s mi compromiso con el impulso del crecimiento de la empresa y sus iniciativas estrat\u00e9gicas. Mi trabajo en AMARANTE se centra en proporcionar soluciones personalizadas de gesti\u00f3n de riesgos y seguridad a organizaciones internacionales y agencias gubernamentales. He liderado los esfuerzos para integrar el cumplimiento de las normas internacionales, incluidos los marcos de derechos humanos, en todos los aspectos de nuestras operaciones, garantizando que nuestros servicios cumplan con los m\u00e1s altos est\u00e1ndares \u00e9ticos y operativos.<\/p>\n<p>&nbsp;<\/p>\n<p><strong>\u00bfPor qu\u00e9 decidi\u00f3 unirse al Consejo de Administraci\u00f3n de ICoCA?<\/strong><\/p>\n<p>Unirme al Consejo de Administraci\u00f3n de ICoCA es una extensi\u00f3n natural de mi compromiso con el fomento de la responsabilidad y las pr\u00e1cticas \u00e9ticas dentro de la industria de la seguridad privada. ICoCA representa el est\u00e1ndar de oro para garantizar el cumplimiento de los derechos humanos y el derecho internacional en nuestro sector. Al unirme al Consejo, mi objetivo es aportar mi experiencia y conocimientos para impulsar su misi\u00f3n, fortalecer sus asociaciones y promover sus valores en Europa y m\u00e1s all\u00e1.<\/p>\n<p>&nbsp;<\/p>\n<p><strong>\u00bfPor qu\u00e9 resuena con usted la misi\u00f3n de ICoCA?<\/strong><\/p>\n<p>La misi\u00f3n de ICoCA de defender los derechos humanos, garantizar la responsabilidad y establecer referencias en la industria resuena profundamente conmigo porque estos principios han guiado mi trabajo a lo largo de mi carrera. He sido testigo directo de la necesidad cr\u00edtica de pr\u00e1cticas de seguridad \u00e9ticas en el servicio p\u00fablico o el sector privado, especialmente en entornos complejos y de alto riesgo. El compromiso de ICoCA de impulsar un cambio positivo en la industria se alinea perfectamente con mis valores y objetivos profesionales.<\/p>\n<p>&nbsp;<\/p>\n<p><strong>\u00bfC\u00f3mo ve su experiencia y conocimiento contribuyendo a los esfuerzos de ICoCA para fortalecer nuestro compromiso con Francia y la Uni\u00f3n Europea? \u00bfQu\u00e9 oportunidades y desaf\u00edos anticipa en este contexto?<\/strong><\/p>\n<p>Mi amplia experiencia en la navegaci\u00f3n de marcos institucionales y en la construcci\u00f3n de relaciones con entidades europeas me posiciona como un valioso defensor de ICoCA dentro de Francia y la UE. Comprendo profundamente los paisajes regulatorios y operacionales y tengo un historial comprobado de aseguramiento de asociaciones con instituciones europeas.<\/p>\n<p>Las oportunidades residen en aumentar la sensibilizaci\u00f3n y la adopci\u00f3n de los est\u00e1ndares de ICoCA entre los actores europeos, aprovechando su influencia para elevar la industria de la seguridad global. Sin embargo, desaf\u00edos como las regulaciones nacionales variables, las diferencias culturales y garantizar la alineaci\u00f3n con las pol\u00edticas de seguridad de la UE en constante evoluci\u00f3n requerir\u00e1n una coordinaci\u00f3n estrat\u00e9gica y un activismo coherente.<\/p>\n<p>&nbsp;<\/p>\n<p><strong>Seg\u00fan usted, \u00bfcu\u00e1les son los desaf\u00edos y las oportunidades para la Asociaci\u00f3n en los pr\u00f3ximos a\u00f1os?<\/strong><\/p>\n<p>La industria de la seguridad privada se encuentra en un momento cr\u00edtico. Los desaf\u00edos incluyen adaptarse a los paisajes geopol\u00edticos en r\u00e1pido cambio, abordar los riesgos emergentes como la ciberseguridad y las amenazas h\u00edbridas, y mantener la relevancia en un sector cada vez m\u00e1s competitivo. Adem\u00e1s, garantizar que las empresas cumplan tanto con las regulaciones locales como con los est\u00e1ndares internacionales de derechos humanos seguir\u00e1 siendo un esfuerzo complejo y continuo.<\/p>\n<p>Por otro lado, existen oportunidades significativas. El creciente \u00e9nfasis en los criterios ESG (ambientales, sociales y de gobernanza) en todas las industrias presenta una oportunidad para que\u00a0 ICoCA se posicione como una voz l\u00edder en la seguridad privada \u00e9tica. Al construir asociaciones m\u00e1s fuertes con organizaciones internacionales, fomentar la innovaci\u00f3n y expandir su influencia en regiones como Europa, ICoCA puede seguir estableciendo el est\u00e1ndar global de responsabilidad y excelencia en el sector de la seguridad privada. Adem\u00e1s, ICoCA puede contribuir a moldear nuevos paradigmas de seguridad que aborden los riesgos y amenazas en evoluci\u00f3n en un panorama global en constante cambio.<\/p>\n<\/div>\n<\/div>\n<\/div>\n<\/div>\n<\/div>\n","protected":false},"excerpt":{"rendered":"<p>El Consejo de Administraci\u00f3n de ICoCA se enorgullece de anunciar la elecci\u00f3n de Didier Ranchon como nuevo miembro del Consejo en el Pilar Industrial, con efecto a partir de enero de 2025. Didier Ranchon es un l\u00edder experimentado con m\u00e1s de 30 a\u00f1os de experiencia en el servicio p\u00fablico, la seguridad institucional y la gesti\u00f3n [&hellip;]<\/p>\n","protected":false},"author":5,"featured_media":0,"comment_status":"closed","ping_status":"closed","sticky":false,"template":"","format":"standard","meta":{"_acf_changed":false,"give_campaign_id":0,"footnotes":""},"categories":[48],"class_list":["post-70136","post","type-post","status-publish","format-standard","hentry","category-perfil"],"acf":[],"yoast_head":"<!-- This site is optimized with the Yoast SEO plugin v26.5 - https:\/\/yoast.com\/wordpress\/plugins\/seo\/ -->\n<title>NUEVO MIEMBRO DEL CONSEJO DE ADMINISTRACI\u00d3N: DIDIER RANCHON - ICoCA - International Code of Conduct Association<\/title>\n<meta name=\"robots\" content=\"index, follow, max-snippet:-1, max-image-preview:large, max-video-preview:-1\" \/>\n<link rel=\"canonical\" href=\"https:\/\/icoca.ch\/es\/2025\/01\/21\/new-board-director-didier-ranchon\/\" \/>\n<meta property=\"og:locale\" content=\"es_ES\" \/>\n<meta property=\"og:type\" content=\"article\" \/>\n<meta property=\"og:title\" content=\"NUEVO MIEMBRO DEL CONSEJO DE ADMINISTRACI\u00d3N: DIDIER RANCHON - ICoCA - International Code of Conduct Association\" \/>\n<meta property=\"og:description\" content=\"El Consejo de Administraci\u00f3n de ICoCA se enorgullece de anunciar la elecci\u00f3n de Didier Ranchon como nuevo miembro del Consejo en el Pilar Industrial, con efecto a partir de enero de 2025. Didier Ranchon es un l\u00edder experimentado con m\u00e1s de 30 a\u00f1os de experiencia en el servicio p\u00fablico, la seguridad institucional y la gesti\u00f3n [&hellip;]\" \/>\n<meta property=\"og:url\" content=\"https:\/\/icoca.ch\/es\/2025\/01\/21\/new-board-director-didier-ranchon\/\" \/>\n<meta property=\"og:site_name\" content=\"ICoCA - International Code of Conduct Association\" \/>\n<meta property=\"article:published_time\" content=\"2025-01-21T09:57:00+00:00\" \/>\n<meta property=\"article:modified_time\" content=\"2026-02-17T11:49:31+00:00\" \/>\n<meta property=\"og:image\" content=\"https:\/\/icoca.ch\/wp-content\/uploads\/2025\/07\/Didier-Ranchon-Website-Picture-Frame.jpg\" \/>\n\t<meta property=\"og:image:width\" content=\"1286\" \/>\n\t<meta property=\"og:image:height\" content=\"1174\" \/>\n\t<meta property=\"og:image:type\" content=\"image\/jpeg\" \/>\n<meta name=\"author\" content=\"Florie Barbotte\" \/>\n<meta name=\"twitter:card\" content=\"summary_large_image\" \/>\n<meta name=\"twitter:label1\" content=\"Escrito por\" \/>\n\t<meta name=\"twitter:data1\" content=\"Florie Barbotte\" \/>\n\t<meta name=\"twitter:label2\" content=\"Tiempo de lectura\" \/>\n\t<meta name=\"twitter:data2\" content=\"4 minutos\" \/>\n<script type=\"application\/ld+json\" class=\"yoast-schema-graph\">{\"@context\":\"https:\/\/schema.org\",\"@graph\":[{\"@type\":\"Article\",\"@id\":\"https:\/\/icoca.ch\/es\/2025\/01\/21\/new-board-director-didier-ranchon\/#article\",\"isPartOf\":{\"@id\":\"https:\/\/icoca.ch\/es\/2025\/01\/21\/new-board-director-didier-ranchon\/\"},\"author\":{\"name\":\"Florie Barbotte\",\"@id\":\"https:\/\/icoca.ch\/es\/#\/schema\/person\/65c3a9120bc8e860952e2b60d65a9b32\"},\"headline\":\"NUEVO MIEMBRO DEL CONSEJO DE ADMINISTRACI\u00d3N: DIDIER RANCHON\",\"datePublished\":\"2025-01-21T09:57:00+00:00\",\"dateModified\":\"2026-02-17T11:49:31+00:00\",\"mainEntityOfPage\":{\"@id\":\"https:\/\/icoca.ch\/es\/2025\/01\/21\/new-board-director-didier-ranchon\/\"},\"wordCount\":920,\"publisher\":{\"@id\":\"https:\/\/icoca.ch\/es\/#organization\"},\"image\":{\"@id\":\"https:\/\/icoca.ch\/es\/2025\/01\/21\/new-board-director-didier-ranchon\/#primaryimage\"},\"thumbnailUrl\":\"https:\/\/icoca.ch\/wp-content\/uploads\/2025\/07\/Didier-Ranchon-Website-Picture-Frame-1024x935.jpg\",\"articleSection\":[\"Perfil\"],\"inLanguage\":\"es\"},{\"@type\":\"WebPage\",\"@id\":\"https:\/\/icoca.ch\/es\/2025\/01\/21\/new-board-director-didier-ranchon\/\",\"url\":\"https:\/\/icoca.ch\/es\/2025\/01\/21\/new-board-director-didier-ranchon\/\",\"name\":\"NUEVO MIEMBRO DEL CONSEJO DE ADMINISTRACI\u00d3N: DIDIER RANCHON - ICoCA - International Code of Conduct Association\",\"isPartOf\":{\"@id\":\"https:\/\/icoca.ch\/es\/#website\"},\"primaryImageOfPage\":{\"@id\":\"https:\/\/icoca.ch\/es\/2025\/01\/21\/new-board-director-didier-ranchon\/#primaryimage\"},\"image\":{\"@id\":\"https:\/\/icoca.ch\/es\/2025\/01\/21\/new-board-director-didier-ranchon\/#primaryimage\"},\"thumbnailUrl\":\"https:\/\/icoca.ch\/wp-content\/uploads\/2025\/07\/Didier-Ranchon-Website-Picture-Frame-1024x935.jpg\",\"datePublished\":\"2025-01-21T09:57:00+00:00\",\"dateModified\":\"2026-02-17T11:49:31+00:00\",\"breadcrumb\":{\"@id\":\"https:\/\/icoca.ch\/es\/2025\/01\/21\/new-board-director-didier-ranchon\/#breadcrumb\"},\"inLanguage\":\"es\",\"potentialAction\":[{\"@type\":\"ReadAction\",\"target\":[\"https:\/\/icoca.ch\/es\/2025\/01\/21\/new-board-director-didier-ranchon\/\"]}]},{\"@type\":\"ImageObject\",\"inLanguage\":\"es\",\"@id\":\"https:\/\/icoca.ch\/es\/2025\/01\/21\/new-board-director-didier-ranchon\/#primaryimage\",\"url\":\"https:\/\/icoca.ch\/wp-content\/uploads\/2025\/07\/Didier-Ranchon-Website-Picture-Frame-1024x935.jpg\",\"contentUrl\":\"https:\/\/icoca.ch\/wp-content\/uploads\/2025\/07\/Didier-Ranchon-Website-Picture-Frame-1024x935.jpg\"},{\"@type\":\"BreadcrumbList\",\"@id\":\"https:\/\/icoca.ch\/es\/2025\/01\/21\/new-board-director-didier-ranchon\/#breadcrumb\",\"itemListElement\":[{\"@type\":\"ListItem\",\"position\":1,\"name\":\"Home\",\"item\":\"https:\/\/icoca.ch\/es\/\"},{\"@type\":\"ListItem\",\"position\":2,\"name\":\"NUEVO MIEMBRO DEL CONSEJO DE ADMINISTRACI\u00d3N: DIDIER RANCHON\"}]},{\"@type\":\"WebSite\",\"@id\":\"https:\/\/icoca.ch\/es\/#website\",\"url\":\"https:\/\/icoca.ch\/es\/\",\"name\":\"ICoCA - International Code of Conduct Association\",\"description\":\"Promoting responsible private security\",\"publisher\":{\"@id\":\"https:\/\/icoca.ch\/es\/#organization\"},\"potentialAction\":[{\"@type\":\"SearchAction\",\"target\":{\"@type\":\"EntryPoint\",\"urlTemplate\":\"https:\/\/icoca.ch\/es\/?s={search_term_string}\"},\"query-input\":{\"@type\":\"PropertyValueSpecification\",\"valueRequired\":true,\"valueName\":\"search_term_string\"}}],\"inLanguage\":\"es\"},{\"@type\":\"Organization\",\"@id\":\"https:\/\/icoca.ch\/es\/#organization\",\"name\":\"ICoCA - International Code of Conduct Association\",\"url\":\"https:\/\/icoca.ch\/es\/\",\"logo\":{\"@type\":\"ImageObject\",\"inLanguage\":\"es\",\"@id\":\"https:\/\/icoca.ch\/es\/#\/schema\/logo\/image\/\",\"url\":\"https:\/\/icoca.ch\/wp-content\/uploads\/2024\/05\/ICoCA_2022_Full-White-Text@3x.png\",\"contentUrl\":\"https:\/\/icoca.ch\/wp-content\/uploads\/2024\/05\/ICoCA_2022_Full-White-Text@3x.png\",\"width\":9588,\"height\":4297,\"caption\":\"ICoCA - International Code of Conduct Association\"},\"image\":{\"@id\":\"https:\/\/icoca.ch\/es\/#\/schema\/logo\/image\/\"}},{\"@type\":\"Person\",\"@id\":\"https:\/\/icoca.ch\/es\/#\/schema\/person\/65c3a9120bc8e860952e2b60d65a9b32\",\"name\":\"Florie Barbotte\"}]}<\/script>\n<!-- \/ Yoast SEO plugin. -->","yoast_head_json":{"title":"NUEVO MIEMBRO DEL CONSEJO DE ADMINISTRACI\u00d3N: DIDIER RANCHON - ICoCA - International Code of Conduct Association","robots":{"index":"index","follow":"follow","max-snippet":"max-snippet:-1","max-image-preview":"max-image-preview:large","max-video-preview":"max-video-preview:-1"},"canonical":"https:\/\/icoca.ch\/es\/2025\/01\/21\/new-board-director-didier-ranchon\/","og_locale":"es_ES","og_type":"article","og_title":"NUEVO MIEMBRO DEL CONSEJO DE ADMINISTRACI\u00d3N: DIDIER RANCHON - ICoCA - International Code of Conduct Association","og_description":"El Consejo de Administraci\u00f3n de ICoCA se enorgullece de anunciar la elecci\u00f3n de Didier Ranchon como nuevo miembro del Consejo en el Pilar Industrial, con efecto a partir de enero de 2025. Didier Ranchon es un l\u00edder experimentado con m\u00e1s de 30 a\u00f1os de experiencia en el servicio p\u00fablico, la seguridad institucional y la gesti\u00f3n [&hellip;]","og_url":"https:\/\/icoca.ch\/es\/2025\/01\/21\/new-board-director-didier-ranchon\/","og_site_name":"ICoCA - International Code of Conduct Association","article_published_time":"2025-01-21T09:57:00+00:00","article_modified_time":"2026-02-17T11:49:31+00:00","og_image":[{"width":1286,"height":1174,"url":"https:\/\/icoca.ch\/wp-content\/uploads\/2025\/07\/Didier-Ranchon-Website-Picture-Frame.jpg","type":"image\/jpeg"}],"author":"Florie Barbotte","twitter_card":"summary_large_image","twitter_misc":{"Escrito por":"Florie Barbotte","Tiempo de lectura":"4 minutos"},"schema":{"@context":"https:\/\/schema.org","@graph":[{"@type":"Article","@id":"https:\/\/icoca.ch\/es\/2025\/01\/21\/new-board-director-didier-ranchon\/#article","isPartOf":{"@id":"https:\/\/icoca.ch\/es\/2025\/01\/21\/new-board-director-didier-ranchon\/"},"author":{"name":"Florie Barbotte","@id":"https:\/\/icoca.ch\/es\/#\/schema\/person\/65c3a9120bc8e860952e2b60d65a9b32"},"headline":"NUEVO MIEMBRO DEL CONSEJO DE ADMINISTRACI\u00d3N: DIDIER RANCHON","datePublished":"2025-01-21T09:57:00+00:00","dateModified":"2026-02-17T11:49:31+00:00","mainEntityOfPage":{"@id":"https:\/\/icoca.ch\/es\/2025\/01\/21\/new-board-director-didier-ranchon\/"},"wordCount":920,"publisher":{"@id":"https:\/\/icoca.ch\/es\/#organization"},"image":{"@id":"https:\/\/icoca.ch\/es\/2025\/01\/21\/new-board-director-didier-ranchon\/#primaryimage"},"thumbnailUrl":"https:\/\/icoca.ch\/wp-content\/uploads\/2025\/07\/Didier-Ranchon-Website-Picture-Frame-1024x935.jpg","articleSection":["Perfil"],"inLanguage":"es"},{"@type":"WebPage","@id":"https:\/\/icoca.ch\/es\/2025\/01\/21\/new-board-director-didier-ranchon\/","url":"https:\/\/icoca.ch\/es\/2025\/01\/21\/new-board-director-didier-ranchon\/","name":"NUEVO MIEMBRO DEL CONSEJO DE ADMINISTRACI\u00d3N: DIDIER RANCHON - ICoCA - International Code of Conduct Association","isPartOf":{"@id":"https:\/\/icoca.ch\/es\/#website"},"primaryImageOfPage":{"@id":"https:\/\/icoca.ch\/es\/2025\/01\/21\/new-board-director-didier-ranchon\/#primaryimage"},"image":{"@id":"https:\/\/icoca.ch\/es\/2025\/01\/21\/new-board-director-didier-ranchon\/#primaryimage"},"thumbnailUrl":"https:\/\/icoca.ch\/wp-content\/uploads\/2025\/07\/Didier-Ranchon-Website-Picture-Frame-1024x935.jpg","datePublished":"2025-01-21T09:57:00+00:00","dateModified":"2026-02-17T11:49:31+00:00","breadcrumb":{"@id":"https:\/\/icoca.ch\/es\/2025\/01\/21\/new-board-director-didier-ranchon\/#breadcrumb"},"inLanguage":"es","potentialAction":[{"@type":"ReadAction","target":["https:\/\/icoca.ch\/es\/2025\/01\/21\/new-board-director-didier-ranchon\/"]}]},{"@type":"ImageObject","inLanguage":"es","@id":"https:\/\/icoca.ch\/es\/2025\/01\/21\/new-board-director-didier-ranchon\/#primaryimage","url":"https:\/\/icoca.ch\/wp-content\/uploads\/2025\/07\/Didier-Ranchon-Website-Picture-Frame-1024x935.jpg","contentUrl":"https:\/\/icoca.ch\/wp-content\/uploads\/2025\/07\/Didier-Ranchon-Website-Picture-Frame-1024x935.jpg"},{"@type":"BreadcrumbList","@id":"https:\/\/icoca.ch\/es\/2025\/01\/21\/new-board-director-didier-ranchon\/#breadcrumb","itemListElement":[{"@type":"ListItem","position":1,"name":"Home","item":"https:\/\/icoca.ch\/es\/"},{"@type":"ListItem","position":2,"name":"NUEVO MIEMBRO DEL CONSEJO DE ADMINISTRACI\u00d3N: DIDIER RANCHON"}]},{"@type":"WebSite","@id":"https:\/\/icoca.ch\/es\/#website","url":"https:\/\/icoca.ch\/es\/","name":"ICoCA - International Code of Conduct Association","description":"Promoting responsible private security","publisher":{"@id":"https:\/\/icoca.ch\/es\/#organization"},"potentialAction":[{"@type":"SearchAction","target":{"@type":"EntryPoint","urlTemplate":"https:\/\/icoca.ch\/es\/?s={search_term_string}"},"query-input":{"@type":"PropertyValueSpecification","valueRequired":true,"valueName":"search_term_string"}}],"inLanguage":"es"},{"@type":"Organization","@id":"https:\/\/icoca.ch\/es\/#organization","name":"ICoCA - International Code of Conduct Association","url":"https:\/\/icoca.ch\/es\/","logo":{"@type":"ImageObject","inLanguage":"es","@id":"https:\/\/icoca.ch\/es\/#\/schema\/logo\/image\/","url":"https:\/\/icoca.ch\/wp-content\/uploads\/2024\/05\/ICoCA_2022_Full-White-Text@3x.png","contentUrl":"https:\/\/icoca.ch\/wp-content\/uploads\/2024\/05\/ICoCA_2022_Full-White-Text@3x.png","width":9588,"height":4297,"caption":"ICoCA - International Code of Conduct Association"},"image":{"@id":"https:\/\/icoca.ch\/es\/#\/schema\/logo\/image\/"}},{"@type":"Person","@id":"https:\/\/icoca.ch\/es\/#\/schema\/person\/65c3a9120bc8e860952e2b60d65a9b32","name":"Florie Barbotte"}]}},"category_names":["Perfil"],"news_thumbnail_url":"https:\/\/icoca.ch\/wp-content\/uploads\/2025\/07\/Didier-Ranchon-Thumbnail-News-List-4.png","date_string":"21\/01\/2025","_links":{"self":[{"href":"https:\/\/icoca.ch\/es\/wp-json\/wp\/v2\/posts\/70136","targetHints":{"allow":["GET"]}}],"collection":[{"href":"https:\/\/icoca.ch\/es\/wp-json\/wp\/v2\/posts"}],"about":[{"href":"https:\/\/icoca.ch\/es\/wp-json\/wp\/v2\/types\/post"}],"author":[{"embeddable":true,"href":"https:\/\/icoca.ch\/es\/wp-json\/wp\/v2\/users\/5"}],"replies":[{"embeddable":true,"href":"https:\/\/icoca.ch\/es\/wp-json\/wp\/v2\/comments?post=70136"}],"version-history":[{"count":1,"href":"https:\/\/icoca.ch\/es\/wp-json\/wp\/v2\/posts\/70136\/revisions"}],"predecessor-version":[{"id":81730,"href":"https:\/\/icoca.ch\/es\/wp-json\/wp\/v2\/posts\/70136\/revisions\/81730"}],"wp:attachment":[{"href":"https:\/\/icoca.ch\/es\/wp-json\/wp\/v2\/media?parent=70136"}],"wp:term":[{"taxonomy":"category","embeddable":true,"href":"https:\/\/icoca.ch\/es\/wp-json\/wp\/v2\/categories?post=70136"}],"curies":[{"name":"wp","href":"https:\/\/api.w.org\/{rel}","templated":true}]}}