{"id":11440,"date":"2021-11-29T10:52:28","date_gmt":"2021-11-29T10:52:28","guid":{"rendered":"https:\/\/icoca.ch\/2021\/11\/29\/aga-2021-opening-plenary-the-role-of-private-security-companies-in-migration-detention\/"},"modified":"2023-03-24T12:53:55","modified_gmt":"2023-03-24T12:53:55","slug":"aga-2021-opening-plenary-the-role-of-private-security-companies-in-migration-detention","status":"publish","type":"post","link":"https:\/\/icoca.ch\/es\/2021\/11\/29\/aga-2021-opening-plenary-the-role-of-private-security-companies-in-migration-detention\/","title":{"rendered":"PLENARIA DE APERTURA DE AGA 2021: EL PAPEL DE LAS EMPRESAS DE SEGURIDAD PRIVADA EN LA MIGRACI\u00d3N Y LA DETENCI\u00d3N"},"content":{"rendered":"<p><iframe loading=\"lazy\" title=\"The Role of Private Security Companies in Migration and Detention\" width=\"640\" height=\"480\" src=\"https:\/\/www.youtube.com\/embed\/yIwjdVYkXnw?feature=oembed\" frameborder=\"0\" allow=\"accelerometer; autoplay; clipboard-write; encrypted-media; gyroscope; picture-in-picture; web-share\" referrerpolicy=\"strict-origin-when-cross-origin\" allowfullscreen><\/iframe><\/p>\n<h3><strong>Lunes 6 de diciembre de 2021, 15:00-17:00 CET &#8211;\u00a0<em> (abierta al p\u00fablico en general)<\/em><\/strong><\/h3>\n<p><strong>Inauguraci\u00f3n oficial de la asamblea general anual<\/strong> \u2013 <em><strong>Fr\u00e9d\u00e9ric Chenais<\/strong><\/em>,\u00a0Asesor Principal, Departamento Federal de Asuntos Exteriores, Gobierno de Suiza y Presidente, Junta Directiva de la ICoCA<\/p>\n<p><strong>Revisi\u00f3n anual<\/strong> \u2013 <em><strong>Jamie Williamson<\/strong><\/em>, Director Ejecutivo, ICoCA<\/p>\n<p><strong>Mesa redonda: El papel de las empresas de seguridad privada en la migraci\u00f3n y la detenci\u00f3n<\/strong><\/p>\n<p>De 2010 a 2020, la poblaci\u00f3n mundial de migrantes aument\u00f3 de 220 a 281 millones de personas y m\u00e1s de 10 millones de personas est\u00e1n encarceladas o detenidas, a menudo bajo la vigilancia de empresas de seguridad privadas. Los fen\u00f3menos de migraci\u00f3n y detenci\u00f3n no desaparecer\u00e1n en el futuro, y las cifras solo crecer\u00e1n exponencialmente. En estos espacios, ya sean campos de refugiados, centros de procesamiento y detenci\u00f3n de inmigrantes o prisiones, es posible que las condiciones de vida adecuadas y el respeto de los derechos humanos no se apliquen adecuadamente debido a la falta de regulaci\u00f3n y supervisi\u00f3n. Entonces, \u00bfcu\u00e1les son los desaf\u00edos para garantizar una provisi\u00f3n de seguridad responsable en estos contextos?<\/p>\n<p><strong>Presentador:<\/strong><\/p>\n<p><em><strong>Beatrice Godefroy<\/strong><\/em>, Directora de Europa, Centro para Civiles en Conflicto (CIVIC), miembro de la Junta de ICoCA<\/p>\n<p><strong>Panelistas<\/strong><strong>:<\/strong><\/p>\n<p><em><strong>Daria Davitti<\/strong><\/em>, profesora titular, profesora asociada, Facultad de Derecho, Universidad de Lund<\/p>\n<p><em><strong>Ruth Hopkins<\/strong><\/em>, periodista y fundadora, Private Security Network<\/p>\n<p><em><strong>Sorcha MacLeod<\/strong><\/em>, becaria Marie Curie y profesora asociada, Facultad de Derecho, Universidad de Copenhague\/Presidenta del Grupo de Trabajo de la ONU sobre la utilizaci\u00f3n de mercenarios<\/p>\n<p><em><strong>Farhan Quddus<\/strong><\/em>, Director General, Securex Limited<\/p>\n","protected":false},"excerpt":{"rendered":"<p>Lunes 6 de diciembre de 2021, 15:00-17:00 CET &#8211;\u00a0 (abierta al p\u00fablico en general) Inauguraci\u00f3n oficial de la asamblea general anual \u2013 Fr\u00e9d\u00e9ric Chenais,\u00a0Asesor Principal, Departamento Federal de Asuntos Exteriores, Gobierno de Suiza y Presidente, Junta Directiva de la ICoCA Revisi\u00f3n anual \u2013 Jamie Williamson, Director Ejecutivo, ICoCA Mesa redonda: El papel de las empresas [&hellip;]<\/p>\n","protected":false},"author":3,"featured_media":0,"comment_status":"closed","ping_status":"closed","sticky":false,"template":"","format":"standard","meta":{"_acf_changed":false,"give_campaign_id":0,"footnotes":""},"categories":[46,45],"class_list":["post-11440","post","type-post","status-publish","format-standard","hentry","category-evento","category-webinar-es"],"acf":[],"yoast_head":"<!-- This site is optimized with the Yoast SEO plugin v26.5 - https:\/\/yoast.com\/wordpress\/plugins\/seo\/ -->\n<title>PLENARIA DE APERTURA DE AGA 2021: EL PAPEL DE LAS EMPRESAS DE SEGURIDAD PRIVADA EN LA MIGRACI\u00d3N Y LA DETENCI\u00d3N - ICoCA - International Code of Conduct Association<\/title>\n<meta name=\"robots\" content=\"index, follow, max-snippet:-1, max-image-preview:large, max-video-preview:-1\" \/>\n<link rel=\"canonical\" href=\"https:\/\/icoca.ch\/es\/2021\/11\/29\/aga-2021-opening-plenary-the-role-of-private-security-companies-in-migration-detention\/\" \/>\n<meta property=\"og:locale\" content=\"es_ES\" \/>\n<meta property=\"og:type\" content=\"article\" \/>\n<meta property=\"og:title\" content=\"PLENARIA DE APERTURA DE AGA 2021: EL PAPEL DE LAS EMPRESAS DE SEGURIDAD PRIVADA EN LA MIGRACI\u00d3N Y LA DETENCI\u00d3N - ICoCA - International Code of Conduct Association\" \/>\n<meta property=\"og:description\" content=\"Lunes 6 de diciembre de 2021, 15:00-17:00 CET &#8211;\u00a0 (abierta al p\u00fablico en general) Inauguraci\u00f3n oficial de la asamblea general anual \u2013 Fr\u00e9d\u00e9ric Chenais,\u00a0Asesor Principal, Departamento Federal de Asuntos Exteriores, Gobierno de Suiza y Presidente, Junta Directiva de la ICoCA Revisi\u00f3n anual \u2013 Jamie Williamson, Director Ejecutivo, ICoCA Mesa redonda: El papel de las empresas [&hellip;]\" \/>\n<meta property=\"og:url\" content=\"https:\/\/icoca.ch\/es\/2021\/11\/29\/aga-2021-opening-plenary-the-role-of-private-security-companies-in-migration-detention\/\" \/>\n<meta property=\"og:site_name\" content=\"ICoCA - International Code of Conduct Association\" \/>\n<meta property=\"article:published_time\" content=\"2021-11-29T10:52:28+00:00\" \/>\n<meta property=\"article:modified_time\" content=\"2023-03-24T12:53:55+00:00\" \/>\n<meta name=\"author\" content=\"Editor ICoCA\" \/>\n<meta name=\"twitter:card\" content=\"summary_large_image\" \/>\n<meta name=\"twitter:label1\" content=\"Escrito por\" \/>\n\t<meta name=\"twitter:data1\" content=\"Editor ICoCA\" \/>\n\t<meta name=\"twitter:label2\" content=\"Tiempo de lectura\" \/>\n\t<meta name=\"twitter:data2\" content=\"2 minutos\" \/>\n<script type=\"application\/ld+json\" class=\"yoast-schema-graph\">{\"@context\":\"https:\/\/schema.org\",\"@graph\":[{\"@type\":\"Article\",\"@id\":\"https:\/\/icoca.ch\/es\/2021\/11\/29\/aga-2021-opening-plenary-the-role-of-private-security-companies-in-migration-detention\/#article\",\"isPartOf\":{\"@id\":\"https:\/\/icoca.ch\/es\/2021\/11\/29\/aga-2021-opening-plenary-the-role-of-private-security-companies-in-migration-detention\/\"},\"author\":{\"name\":\"Editor ICoCA\",\"@id\":\"https:\/\/icoca.ch\/es\/#\/schema\/person\/e49736024b01aad0183dbf4da213c445\"},\"headline\":\"PLENARIA DE APERTURA DE AGA 2021: EL PAPEL DE LAS EMPRESAS DE SEGURIDAD PRIVADA EN LA MIGRACI\u00d3N Y LA DETENCI\u00d3N\",\"datePublished\":\"2021-11-29T10:52:28+00:00\",\"dateModified\":\"2023-03-24T12:53:55+00:00\",\"mainEntityOfPage\":{\"@id\":\"https:\/\/icoca.ch\/es\/2021\/11\/29\/aga-2021-opening-plenary-the-role-of-private-security-companies-in-migration-detention\/\"},\"wordCount\":291,\"publisher\":{\"@id\":\"https:\/\/icoca.ch\/es\/#organization\"},\"articleSection\":[\"Evento\",\"Webinar\"],\"inLanguage\":\"es\"},{\"@type\":\"WebPage\",\"@id\":\"https:\/\/icoca.ch\/es\/2021\/11\/29\/aga-2021-opening-plenary-the-role-of-private-security-companies-in-migration-detention\/\",\"url\":\"https:\/\/icoca.ch\/es\/2021\/11\/29\/aga-2021-opening-plenary-the-role-of-private-security-companies-in-migration-detention\/\",\"name\":\"PLENARIA DE APERTURA DE AGA 2021: EL PAPEL DE LAS EMPRESAS DE SEGURIDAD PRIVADA EN LA MIGRACI\u00d3N Y LA DETENCI\u00d3N - ICoCA - International Code of Conduct Association\",\"isPartOf\":{\"@id\":\"https:\/\/icoca.ch\/es\/#website\"},\"datePublished\":\"2021-11-29T10:52:28+00:00\",\"dateModified\":\"2023-03-24T12:53:55+00:00\",\"breadcrumb\":{\"@id\":\"https:\/\/icoca.ch\/es\/2021\/11\/29\/aga-2021-opening-plenary-the-role-of-private-security-companies-in-migration-detention\/#breadcrumb\"},\"inLanguage\":\"es\",\"potentialAction\":[{\"@type\":\"ReadAction\",\"target\":[\"https:\/\/icoca.ch\/es\/2021\/11\/29\/aga-2021-opening-plenary-the-role-of-private-security-companies-in-migration-detention\/\"]}]},{\"@type\":\"BreadcrumbList\",\"@id\":\"https:\/\/icoca.ch\/es\/2021\/11\/29\/aga-2021-opening-plenary-the-role-of-private-security-companies-in-migration-detention\/#breadcrumb\",\"itemListElement\":[{\"@type\":\"ListItem\",\"position\":1,\"name\":\"Home\",\"item\":\"https:\/\/icoca.ch\/es\/\"},{\"@type\":\"ListItem\",\"position\":2,\"name\":\"PLENARIA DE APERTURA DE AGA 2021: EL PAPEL DE LAS EMPRESAS DE SEGURIDAD PRIVADA EN LA MIGRACI\u00d3N Y LA DETENCI\u00d3N\"}]},{\"@type\":\"WebSite\",\"@id\":\"https:\/\/icoca.ch\/es\/#website\",\"url\":\"https:\/\/icoca.ch\/es\/\",\"name\":\"ICoCA - International Code of Conduct Association\",\"description\":\"Promoting responsible private security\",\"publisher\":{\"@id\":\"https:\/\/icoca.ch\/es\/#organization\"},\"potentialAction\":[{\"@type\":\"SearchAction\",\"target\":{\"@type\":\"EntryPoint\",\"urlTemplate\":\"https:\/\/icoca.ch\/es\/?s={search_term_string}\"},\"query-input\":{\"@type\":\"PropertyValueSpecification\",\"valueRequired\":true,\"valueName\":\"search_term_string\"}}],\"inLanguage\":\"es\"},{\"@type\":\"Organization\",\"@id\":\"https:\/\/icoca.ch\/es\/#organization\",\"name\":\"ICoCA - International Code of Conduct Association\",\"url\":\"https:\/\/icoca.ch\/es\/\",\"logo\":{\"@type\":\"ImageObject\",\"inLanguage\":\"es\",\"@id\":\"https:\/\/icoca.ch\/es\/#\/schema\/logo\/image\/\",\"url\":\"https:\/\/icoca.ch\/wp-content\/uploads\/2024\/05\/ICoCA_2022_Full-White-Text@3x.png\",\"contentUrl\":\"https:\/\/icoca.ch\/wp-content\/uploads\/2024\/05\/ICoCA_2022_Full-White-Text@3x.png\",\"width\":9588,\"height\":4297,\"caption\":\"ICoCA - International Code of Conduct Association\"},\"image\":{\"@id\":\"https:\/\/icoca.ch\/es\/#\/schema\/logo\/image\/\"}},{\"@type\":\"Person\",\"@id\":\"https:\/\/icoca.ch\/es\/#\/schema\/person\/e49736024b01aad0183dbf4da213c445\",\"name\":\"Editor ICoCA\"}]}<\/script>\n<!-- \/ Yoast SEO plugin. -->","yoast_head_json":{"title":"PLENARIA DE APERTURA DE AGA 2021: EL PAPEL DE LAS EMPRESAS DE SEGURIDAD PRIVADA EN LA MIGRACI\u00d3N Y LA DETENCI\u00d3N - ICoCA - International Code of Conduct Association","robots":{"index":"index","follow":"follow","max-snippet":"max-snippet:-1","max-image-preview":"max-image-preview:large","max-video-preview":"max-video-preview:-1"},"canonical":"https:\/\/icoca.ch\/es\/2021\/11\/29\/aga-2021-opening-plenary-the-role-of-private-security-companies-in-migration-detention\/","og_locale":"es_ES","og_type":"article","og_title":"PLENARIA DE APERTURA DE AGA 2021: EL PAPEL DE LAS EMPRESAS DE SEGURIDAD PRIVADA EN LA MIGRACI\u00d3N Y LA DETENCI\u00d3N - ICoCA - International Code of Conduct Association","og_description":"Lunes 6 de diciembre de 2021, 15:00-17:00 CET &#8211;\u00a0 (abierta al p\u00fablico en general) Inauguraci\u00f3n oficial de la asamblea general anual \u2013 Fr\u00e9d\u00e9ric Chenais,\u00a0Asesor Principal, Departamento Federal de Asuntos Exteriores, Gobierno de Suiza y Presidente, Junta Directiva de la ICoCA Revisi\u00f3n anual \u2013 Jamie Williamson, Director Ejecutivo, ICoCA Mesa redonda: El papel de las empresas [&hellip;]","og_url":"https:\/\/icoca.ch\/es\/2021\/11\/29\/aga-2021-opening-plenary-the-role-of-private-security-companies-in-migration-detention\/","og_site_name":"ICoCA - International Code of Conduct Association","article_published_time":"2021-11-29T10:52:28+00:00","article_modified_time":"2023-03-24T12:53:55+00:00","author":"Editor ICoCA","twitter_card":"summary_large_image","twitter_misc":{"Escrito por":"Editor ICoCA","Tiempo de lectura":"2 minutos"},"schema":{"@context":"https:\/\/schema.org","@graph":[{"@type":"Article","@id":"https:\/\/icoca.ch\/es\/2021\/11\/29\/aga-2021-opening-plenary-the-role-of-private-security-companies-in-migration-detention\/#article","isPartOf":{"@id":"https:\/\/icoca.ch\/es\/2021\/11\/29\/aga-2021-opening-plenary-the-role-of-private-security-companies-in-migration-detention\/"},"author":{"name":"Editor ICoCA","@id":"https:\/\/icoca.ch\/es\/#\/schema\/person\/e49736024b01aad0183dbf4da213c445"},"headline":"PLENARIA DE APERTURA DE AGA 2021: EL PAPEL DE LAS EMPRESAS DE SEGURIDAD PRIVADA EN LA MIGRACI\u00d3N Y LA DETENCI\u00d3N","datePublished":"2021-11-29T10:52:28+00:00","dateModified":"2023-03-24T12:53:55+00:00","mainEntityOfPage":{"@id":"https:\/\/icoca.ch\/es\/2021\/11\/29\/aga-2021-opening-plenary-the-role-of-private-security-companies-in-migration-detention\/"},"wordCount":291,"publisher":{"@id":"https:\/\/icoca.ch\/es\/#organization"},"articleSection":["Evento","Webinar"],"inLanguage":"es"},{"@type":"WebPage","@id":"https:\/\/icoca.ch\/es\/2021\/11\/29\/aga-2021-opening-plenary-the-role-of-private-security-companies-in-migration-detention\/","url":"https:\/\/icoca.ch\/es\/2021\/11\/29\/aga-2021-opening-plenary-the-role-of-private-security-companies-in-migration-detention\/","name":"PLENARIA DE APERTURA DE AGA 2021: EL PAPEL DE LAS EMPRESAS DE SEGURIDAD PRIVADA EN LA MIGRACI\u00d3N Y LA DETENCI\u00d3N - ICoCA - International Code of Conduct Association","isPartOf":{"@id":"https:\/\/icoca.ch\/es\/#website"},"datePublished":"2021-11-29T10:52:28+00:00","dateModified":"2023-03-24T12:53:55+00:00","breadcrumb":{"@id":"https:\/\/icoca.ch\/es\/2021\/11\/29\/aga-2021-opening-plenary-the-role-of-private-security-companies-in-migration-detention\/#breadcrumb"},"inLanguage":"es","potentialAction":[{"@type":"ReadAction","target":["https:\/\/icoca.ch\/es\/2021\/11\/29\/aga-2021-opening-plenary-the-role-of-private-security-companies-in-migration-detention\/"]}]},{"@type":"BreadcrumbList","@id":"https:\/\/icoca.ch\/es\/2021\/11\/29\/aga-2021-opening-plenary-the-role-of-private-security-companies-in-migration-detention\/#breadcrumb","itemListElement":[{"@type":"ListItem","position":1,"name":"Home","item":"https:\/\/icoca.ch\/es\/"},{"@type":"ListItem","position":2,"name":"PLENARIA DE APERTURA DE AGA 2021: EL PAPEL DE LAS EMPRESAS DE SEGURIDAD PRIVADA EN LA MIGRACI\u00d3N Y LA DETENCI\u00d3N"}]},{"@type":"WebSite","@id":"https:\/\/icoca.ch\/es\/#website","url":"https:\/\/icoca.ch\/es\/","name":"ICoCA - International Code of Conduct Association","description":"Promoting responsible private security","publisher":{"@id":"https:\/\/icoca.ch\/es\/#organization"},"potentialAction":[{"@type":"SearchAction","target":{"@type":"EntryPoint","urlTemplate":"https:\/\/icoca.ch\/es\/?s={search_term_string}"},"query-input":{"@type":"PropertyValueSpecification","valueRequired":true,"valueName":"search_term_string"}}],"inLanguage":"es"},{"@type":"Organization","@id":"https:\/\/icoca.ch\/es\/#organization","name":"ICoCA - International Code of Conduct Association","url":"https:\/\/icoca.ch\/es\/","logo":{"@type":"ImageObject","inLanguage":"es","@id":"https:\/\/icoca.ch\/es\/#\/schema\/logo\/image\/","url":"https:\/\/icoca.ch\/wp-content\/uploads\/2024\/05\/ICoCA_2022_Full-White-Text@3x.png","contentUrl":"https:\/\/icoca.ch\/wp-content\/uploads\/2024\/05\/ICoCA_2022_Full-White-Text@3x.png","width":9588,"height":4297,"caption":"ICoCA - International Code of Conduct Association"},"image":{"@id":"https:\/\/icoca.ch\/es\/#\/schema\/logo\/image\/"}},{"@type":"Person","@id":"https:\/\/icoca.ch\/es\/#\/schema\/person\/e49736024b01aad0183dbf4da213c445","name":"Editor ICoCA"}]}},"category_names":["Evento","Webinar"],"news_thumbnail_url":"https:\/\/icoca.ch\/wp-content\/uploads\/2021\/11\/Plenary-1-News-Page-Image.jpg","date_string":"29\/11\/2021","_links":{"self":[{"href":"https:\/\/icoca.ch\/es\/wp-json\/wp\/v2\/posts\/11440","targetHints":{"allow":["GET"]}}],"collection":[{"href":"https:\/\/icoca.ch\/es\/wp-json\/wp\/v2\/posts"}],"about":[{"href":"https:\/\/icoca.ch\/es\/wp-json\/wp\/v2\/types\/post"}],"author":[{"embeddable":true,"href":"https:\/\/icoca.ch\/es\/wp-json\/wp\/v2\/users\/3"}],"replies":[{"embeddable":true,"href":"https:\/\/icoca.ch\/es\/wp-json\/wp\/v2\/comments?post=11440"}],"version-history":[{"count":0,"href":"https:\/\/icoca.ch\/es\/wp-json\/wp\/v2\/posts\/11440\/revisions"}],"wp:attachment":[{"href":"https:\/\/icoca.ch\/es\/wp-json\/wp\/v2\/media?parent=11440"}],"wp:term":[{"taxonomy":"category","embeddable":true,"href":"https:\/\/icoca.ch\/es\/wp-json\/wp\/v2\/categories?post=11440"}],"curies":[{"name":"wp","href":"https:\/\/api.w.org\/{rel}","templated":true}]}}